{"id":177835,"date":"2019-06-18T15:56:51","date_gmt":"2019-06-18T18:56:51","guid":{"rendered":"https:\/\/www.redenoticia.com.br\/noticia\/?p=177835"},"modified":"2019-06-18T15:56:59","modified_gmt":"2019-06-18T18:56:59","slug":"resumo-novela-a-dona-19-06-ivana-pede-a-alonso-que-va-para-a-fazenda","status":"publish","type":"post","link":"https:\/\/www.redenoticia.com.br\/noticia\/2019\/resumo-novela-a-dona-19-06-ivana-pede-a-alonso-que-va-para-a-fazenda\/177835","title":{"rendered":"Resumo novela \u201cA Dona\u201d 19\/06: Ivana pede a Alonso que v\u00e1 para a fazenda"},"content":{"rendered":"<p><img loading=\"lazy\" decoding=\"async\" class=\"aligncenter size-large wp-image-173633\" src=\"https:\/\/www.redenoticia.com.br\/noticia\/imagens\/a-dona-270x300.jpg\" alt=\"\" width=\"270\" height=\"300\" srcset=\"https:\/\/www.redenoticia.com.br\/noticia\/imagens\/a-dona-270x300.jpg 270w, https:\/\/www.redenoticia.com.br\/noticia\/imagens\/a-dona-168x187.jpg 168w, https:\/\/www.redenoticia.com.br\/noticia\/imagens\/a-dona.jpg 380w\" sizes=\"auto, (max-width: 270px) 100vw, 270px\" \/>Resumo da novela <strong><em>\u201cA Dona&#8221;<\/em><\/strong> em 19\/06: no cap\u00edtulo 058(*) da novela, quarta-feira, 19 de junho, Ivana diz a Rodrigo que espera que tenha ficado bem claro que ela est\u00e1 disposta a tudo para separar Jos\u00e9 Miguel e Valentina. Ela ainda aconselha Rodrigo a aproveitar a viagem de Jos\u00e9 para conquistar Valentina. Rodrigo felicita Ivana por ter culpado Jos\u00e9 pelo que ela fez perante Valentina. Leonor, aproveitando que Jos\u00e9 Miguel est\u00e1 viajando, pede dinheiro emprestado a Valentina para pagar a hipoteca da fazenda. Valentina responde que ela mesma ofereceu esse dinheiro a Jos\u00e9 Miguel e ele n\u00e3o aceitou, e que prefere negar esse dinheiro a Leonor, do que no futuro, ter problemas com Jos\u00e9 Miguel.<\/p>\n<p>Leonor diz a Valentina que se ela a emprestar o dinheiro, arrumar\u00e1 um jeito de fazer com que Jos\u00e9 Miguel jamais saiba sua origem. Ivana chama Alonso para informar lhe que Valentina se casar\u00e1 com Jos\u00e9 Miguel Montesinos, mas que segue apaixonada por ele, e se casar\u00e1 apenas por despeito, e finaliza pedindo a Alonso que v\u00e1 o quanto antes para a fazenda Os Carac\u00f3is, antes que seja tarde demais. Ernesto diz a Jos\u00e9 Miguel que se ele j\u00e1 sabe quem \u00e9 Alonso, deveria pedir outro corretor a imobili\u00e1ria.<\/p>\n<p>Leonor diz a Moises que salvar\u00e1 a hipoteca da fazenda, e com o que lhe restar abrir\u00e1 uma conta em seu nome, e pede tamb\u00e9m uma parte do dinheiro para gastos pessoais. Leonor suplica \u00e1 Moises que n\u00e3o diga nada disso \u00e1 seu filho ou seu marido, pois pagar\u00e1 Valentina com o dinheiro da venda de sua casa da capital. Jos\u00e9 Miguel e Alonso falam abertamente sobre Valentina e Alonso diz a Jos\u00e9 que esteve a ponto de casar se com ela, e s\u00f3 n\u00e3o o fez de \u00faltima hora por um mal entendido.<\/p>\n<p>(*) edi\u00e7\u00e3o do SBT, Novela \u201cA Dona\u201d, sujeito a altera\u00e7\u00e3o de data e conte\u00fado.<\/p>\n<p>Destaques<\/p>\n<p>&#8220;A Dona&#8221; &#8211; Valentina Vila\u00e7a (Lucero) \u00e9 uma mulher que tem uma grande fortuna, que seus pais deixaram para ela quando morreram em um acidente de carro. Ela tem uma mans\u00e3o na Cidade do M\u00e9xico, onde vive com sua tia Isabel Rangel de Dorantes (Silvia Pinal), e sua prima Ivana Dorantes Rangel (Gabriela Spanic) que trata Valentina com muita indiferen\u00e7a e sente inveja dela.<\/p>\n<p>Tudo muda para Valentina quando seu noivo Alonso Penalva (David Zepeda), tramando com Ivana no dia de seu casamento, a deixa esperando no altar. A partir da\u00ed, Valentina se torna uma mulher amarga, e vai para sua fazenda, no interior. Chegando l\u00e1, ela conhece seu vizinho Jos\u00e9 Miguel Montesinos (Fernando Colunga).<\/p>\n","protected":false},"excerpt":{"rendered":"<p>Resumo da novela \u201cA Dona&#8221; em 19\/06: no cap\u00edtulo 058(*) da novela, quarta-feira, 19 de junho, Ivana diz a Rodrigo que espera que tenha ficado bem claro que ela est\u00e1 disposta a tudo para separar Jos\u00e9 Miguel e Valentina. Ela ainda aconselha Rodrigo a aproveitar a viagem de Jos\u00e9 para conquistar Valentina. Rodrigo felicita Ivana [&hellip;]<\/p>\n","protected":false},"author":4,"featured_media":173626,"comment_status":"open","ping_status":"closed","sticky":false,"template":"","format":"standard","meta":{"_genesis_hide_title":false,"_genesis_hide_breadcrumbs":false,"_genesis_hide_singular_image":false,"_genesis_hide_footer_widgets":false,"_genesis_custom_body_class":"","_genesis_custom_post_class":"","_genesis_layout":"","_jetpack_memberships_contains_paid_content":false,"footnotes":""},"categories":[379,372,343],"tags":[441],"class_list":{"0":"post-177835","1":"post","2":"type-post","3":"status-publish","4":"format-standard","5":"has-post-thumbnail","7":"category-novelas","8":"category-sbt","9":"category-televisao","10":"tag-resumo-do-dia","11":"entry","12":"gs-1","13":"gs-odd","14":"gs-even","15":"gs-featured-content-entry"},"jetpack_featured_media_url":"https:\/\/www.redenoticia.com.br\/noticia\/imagens\/a-dona-03.jpg","jetpack_sharing_enabled":true,"jetpack_likes_enabled":true,"_links":{"self":[{"href":"https:\/\/www.redenoticia.com.br\/noticia\/wp-json\/wp\/v2\/posts\/177835","targetHints":{"allow":["GET"]}}],"collection":[{"href":"https:\/\/www.redenoticia.com.br\/noticia\/wp-json\/wp\/v2\/posts"}],"about":[{"href":"https:\/\/www.redenoticia.com.br\/noticia\/wp-json\/wp\/v2\/types\/post"}],"author":[{"embeddable":true,"href":"https:\/\/www.redenoticia.com.br\/noticia\/wp-json\/wp\/v2\/users\/4"}],"replies":[{"embeddable":true,"href":"https:\/\/www.redenoticia.com.br\/noticia\/wp-json\/wp\/v2\/comments?post=177835"}],"version-history":[{"count":0,"href":"https:\/\/www.redenoticia.com.br\/noticia\/wp-json\/wp\/v2\/posts\/177835\/revisions"}],"wp:featuredmedia":[{"embeddable":true,"href":"https:\/\/www.redenoticia.com.br\/noticia\/wp-json\/wp\/v2\/media\/173626"}],"wp:attachment":[{"href":"https:\/\/www.redenoticia.com.br\/noticia\/wp-json\/wp\/v2\/media?parent=177835"}],"wp:term":[{"taxonomy":"category","embeddable":true,"href":"https:\/\/www.redenoticia.com.br\/noticia\/wp-json\/wp\/v2\/categories?post=177835"},{"taxonomy":"post_tag","embeddable":true,"href":"https:\/\/www.redenoticia.com.br\/noticia\/wp-json\/wp\/v2\/tags?post=177835"}],"curies":[{"name":"wp","href":"https:\/\/api.w.org\/{rel}","templated":true}]}}