{"id":177797,"date":"2019-06-17T15:46:18","date_gmt":"2019-06-17T18:46:18","guid":{"rendered":"https:\/\/www.redenoticia.com.br\/noticia\/?p=177797"},"modified":"2019-06-17T15:47:07","modified_gmt":"2019-06-17T18:47:07","slug":"resumo-novela-verao-90-18-06-joao-e-manu-descobrem-sobre-acidente-de-magaiver","status":"publish","type":"post","link":"https:\/\/www.redenoticia.com.br\/noticia\/2019\/resumo-novela-verao-90-18-06-joao-e-manu-descobrem-sobre-acidente-de-magaiver\/177797","title":{"rendered":"Resumo novela \u201cVer\u00e3o 90\u201d 18\/06: Jo\u00e3o e Manu descobrem sobre acidente de Magaiver"},"content":{"rendered":"<p><em><strong><img loading=\"lazy\" decoding=\"async\" class=\"aligncenter size-large wp-image-167197\" src=\"https:\/\/www.redenoticia.com.br\/noticia\/imagens\/verao-90-001-299x300.jpg\" alt=\"\" width=\"299\" height=\"300\" srcset=\"https:\/\/www.redenoticia.com.br\/noticia\/imagens\/verao-90-001-299x300.jpg 299w, https:\/\/www.redenoticia.com.br\/noticia\/imagens\/verao-90-001-186x187.jpg 186w, https:\/\/www.redenoticia.com.br\/noticia\/imagens\/verao-90-001-560x562.jpg 560w, https:\/\/www.redenoticia.com.br\/noticia\/imagens\/verao-90-001.jpg 614w\" sizes=\"auto, (max-width: 299px) 100vw, 299px\" \/>Resumo novela \u201cVer\u00e3o 90\u201d 18\/06 <\/strong><\/em> : no cap\u00edtulo 121(*) da novela, resumo ter\u00e7a-feira, 18 de junho, Jo\u00e3o garante a Magaiver que falar\u00e1 com Giovanna para acompanh\u00e1-lo na delegacia. Mercedes avisa a Murilo que Figueirinha falhou. Jer\u00f4nimo perde na mesa de jogo. Manu e Jo\u00e3o constatam que Morvan n\u00e3o fez um bom servi\u00e7o. Jo\u00e3o convence Manu a deixar que Morvan fa\u00e7a a repara\u00e7\u00e3o. Murilo conta a Jer\u00f4nimo que Mercedes tentou eliminar Magaiver.<\/p>\n<p>Jer\u00f4nimo persegue Magaiver. T\u00e2nia devolve a Gisela o dinheiro que Mercedes lhe deu. Mercedes pressiona Vanessa. Jo\u00e3o n\u00e3o encontra Magaiver. Jo\u00e3o e Manu tomam conhecimento do acidente de Magaiver por meio de Moana. Jer\u00f4nimo sofre ao ver Vanessa beijando Quinzinho.<\/p>\n<p>(*) edi\u00e7\u00e3o da Rede Globo, Novela \u201cVer\u00e3o 90\u201d, sujeito a altera\u00e7\u00e3o de data e conte\u00fado.<\/p>\n<p>Sinopse \u201cVer\u00e3o 90\u201d: O Rio de Janeiro da d\u00e9cada de 1990, a cultura efervescente da \u00e9poca, os acontecimentos sociais e pol\u00edticos, a m\u00fasica e a moda est\u00e3o presentes em \u2018Ver\u00e3o 90\u2019, uma com\u00e9dia rom\u00e2ntica, solar e musical, escrita por Izabel de Oliveira e Paula Amaral, com dire\u00e7\u00e3o art\u00edstica de Jorge Fernando. A pr\u00f3xima novela das sete vai mostrar a trajet\u00f3ria de tr\u00eas ex-astros mirins e suas m\u00e3es batalhadoras, Lidiane (Claudia Raia) e Jana\u00edna (Dira Paes), cada uma a seu modo. A previs\u00e3o de estreia \u00e9 para o in\u00edcio de 2019. A hist\u00f3ria rom\u00e2ntica e musical que tem como protagonistas o trio Jo\u00e3o (Jo\u00e3o Bravo\/Rafael Vitti), Manuzita (Melissa N\u00f3brega\/Isabelle Drummond) e Jer\u00f4nimo (Diogo Caruso\/Jesu\u00edta Barbosa).<\/p>\n<p>\u2014<\/p>\n<p>Resumo novela \u201c\u00d3rf\u00e3os da Terra\u201d 18\/06: Dalila\/Basma beija Jamil<\/p>\n<p><img loading=\"lazy\" decoding=\"async\" class=\"aligncenter size-large wp-image-173643\" src=\"https:\/\/www.redenoticia.com.br\/noticia\/imagens\/orfaos-da-terra-01-376x300.jpg\" alt=\"\" width=\"376\" height=\"300\" srcset=\"https:\/\/www.redenoticia.com.br\/noticia\/imagens\/orfaos-da-terra-01-376x300.jpg 376w, https:\/\/www.redenoticia.com.br\/noticia\/imagens\/orfaos-da-terra-01-234x187.jpg 234w, https:\/\/www.redenoticia.com.br\/noticia\/imagens\/orfaos-da-terra-01-560x447.jpg 560w, https:\/\/www.redenoticia.com.br\/noticia\/imagens\/orfaos-da-terra-01.jpg 600w\" sizes=\"auto, (max-width: 376px) 100vw, 376px\" \/><\/p>\n<p>Resumo da novela <strong><em>\u201c\u00d3rf\u00e3os da Terra&#8221;<\/em><\/strong> em 18\/06: no cap\u00edtulo 067(*) da novela, ter\u00e7a-feira, 18 de junho, Paul amea\u00e7a Camila. Almeidinha revela por que Helena quis denunciar Elias. Helena expulsa Dalila\/Basma de seu quarto. Davi se declara para Cibele. Paul incentiva Fauze a ficar com Santinha. Paul convida Miguel para ir ao cassino.<\/p>\n<p>Cibele e Benjamin explicam para Bruno por que desconfiam de Dalila\/Basma. Rania questiona Missade sobre Elias. Bruno e Marie se beijam. Dalila\/Basma beija Jamil. Miguel perde muito dinheiro no cassino, e Robson lhe oferece um empr\u00e9stimo.<\/p>\n<p>(*) edi\u00e7\u00e3o Globo, Novela \u201c\u00d3rf\u00e3os da Terra\u201d, sujeito a altera\u00e7\u00e3o de data e conte\u00fado.<\/p>\n<p>Destaques<\/p>\n<p>Novela \u201c\u00d3rf\u00e3os da Terra\u201d &#8211; A hist\u00f3ria se inicia na S\u00edria, onde Missade (Ana Cec\u00edlia Costa) e Elias (Marco Ricca) vivem com seus filhos Laila (Julia Dalavia) e Khaled (Rodrigo Vidal) at\u00e9 serem v\u00edtimas da guerra e terem que se refugiar no L\u00edbano. Com o irm\u00e3o gravemente ferido e a fam\u00edlia presa num campo de concentra\u00e7\u00e3o, Laila aceita se casar com o sheik Aziz (Herson Capri) \u2013 um homem cruel e muito mais velho \u2013 em troca de dinheiro para pagar o tratamento m\u00e9dico.<\/p>\n<p>Por\u00e9m, o menino falece e a mo\u00e7a decide fugir para o Brasil com seus pais na noite de n\u00fapcias, antes do casamento ser consumado, indo morar com seus tios, R\u00e2nia (Eliane Giardini) e Miguel (Paulo Betti). Irritado, o sheik manda Jammil (Renato G\u00f3es), seu bra\u00e7o-direito e noivo de sua filha, Dalila (Alice Wegmann), buscar a mo\u00e7a e traz\u00ea-la a for\u00e7a, por\u00e9m os dois acabam se apaixonando e se tornam fugitivos da fam\u00edlia Abdallah.<\/p>\n","protected":false},"excerpt":{"rendered":"<p>Resumo novela \u201cVer\u00e3o 90\u201d 18\/06 : no cap\u00edtulo 121(*) da novela, resumo ter\u00e7a-feira, 18 de junho, Jo\u00e3o garante a Magaiver que falar\u00e1 com Giovanna para acompanh\u00e1-lo na delegacia. Mercedes avisa a Murilo que Figueirinha falhou. Jer\u00f4nimo perde na mesa de jogo. Manu e Jo\u00e3o constatam que Morvan n\u00e3o fez um bom servi\u00e7o. Jo\u00e3o convence Manu [&hellip;]<\/p>\n","protected":false},"author":4,"featured_media":167198,"comment_status":"open","ping_status":"closed","sticky":false,"template":"","format":"standard","meta":{"_genesis_hide_title":false,"_genesis_hide_breadcrumbs":false,"_genesis_hide_singular_image":false,"_genesis_hide_footer_widgets":false,"_genesis_custom_body_class":"","_genesis_custom_post_class":"","_genesis_layout":"","_jetpack_memberships_contains_paid_content":false,"footnotes":""},"categories":[379,375,343,536],"tags":[441],"class_list":{"0":"post-177797","1":"post","2":"type-post","3":"status-publish","4":"format-standard","5":"has-post-thumbnail","7":"category-novelas","8":"category-rede-globo","9":"category-televisao","10":"category-verao-90","11":"tag-resumo-do-dia","12":"entry","13":"gs-1","14":"gs-odd","15":"gs-even","16":"gs-featured-content-entry"},"jetpack_featured_media_url":"https:\/\/www.redenoticia.com.br\/noticia\/imagens\/verao-90-resumo-globo-capitulos.jpg","jetpack_sharing_enabled":true,"jetpack_likes_enabled":true,"_links":{"self":[{"href":"https:\/\/www.redenoticia.com.br\/noticia\/wp-json\/wp\/v2\/posts\/177797","targetHints":{"allow":["GET"]}}],"collection":[{"href":"https:\/\/www.redenoticia.com.br\/noticia\/wp-json\/wp\/v2\/posts"}],"about":[{"href":"https:\/\/www.redenoticia.com.br\/noticia\/wp-json\/wp\/v2\/types\/post"}],"author":[{"embeddable":true,"href":"https:\/\/www.redenoticia.com.br\/noticia\/wp-json\/wp\/v2\/users\/4"}],"replies":[{"embeddable":true,"href":"https:\/\/www.redenoticia.com.br\/noticia\/wp-json\/wp\/v2\/comments?post=177797"}],"version-history":[{"count":0,"href":"https:\/\/www.redenoticia.com.br\/noticia\/wp-json\/wp\/v2\/posts\/177797\/revisions"}],"wp:featuredmedia":[{"embeddable":true,"href":"https:\/\/www.redenoticia.com.br\/noticia\/wp-json\/wp\/v2\/media\/167198"}],"wp:attachment":[{"href":"https:\/\/www.redenoticia.com.br\/noticia\/wp-json\/wp\/v2\/media?parent=177797"}],"wp:term":[{"taxonomy":"category","embeddable":true,"href":"https:\/\/www.redenoticia.com.br\/noticia\/wp-json\/wp\/v2\/categories?post=177797"},{"taxonomy":"post_tag","embeddable":true,"href":"https:\/\/www.redenoticia.com.br\/noticia\/wp-json\/wp\/v2\/tags?post=177797"}],"curies":[{"name":"wp","href":"https:\/\/api.w.org\/{rel}","templated":true}]}}