{"id":177628,"date":"2019-06-13T16:38:19","date_gmt":"2019-06-13T19:38:19","guid":{"rendered":"https:\/\/www.redenoticia.com.br\/noticia\/?p=177628"},"modified":"2019-06-13T16:38:26","modified_gmt":"2019-06-13T19:38:26","slug":"resumo-novela-a-dona-14-06-rodrigo-quer-sequestrar-valentina-para-que-seja-sua-mulher","status":"publish","type":"post","link":"https:\/\/www.redenoticia.com.br\/noticia\/2019\/resumo-novela-a-dona-14-06-rodrigo-quer-sequestrar-valentina-para-que-seja-sua-mulher\/177628","title":{"rendered":"Resumo novela \u201cA Dona\u201d 14\/06: Rodrigo quer sequestrar Valentina para que seja sua mulher"},"content":{"rendered":"<p><img loading=\"lazy\" decoding=\"async\" class=\"aligncenter size-large wp-image-173633\" src=\"https:\/\/www.redenoticia.com.br\/noticia\/imagens\/a-dona-270x300.jpg\" alt=\"\" width=\"270\" height=\"300\" srcset=\"https:\/\/www.redenoticia.com.br\/noticia\/imagens\/a-dona-270x300.jpg 270w, https:\/\/www.redenoticia.com.br\/noticia\/imagens\/a-dona-168x187.jpg 168w, https:\/\/www.redenoticia.com.br\/noticia\/imagens\/a-dona.jpg 380w\" sizes=\"auto, (max-width: 270px) 100vw, 270px\" \/>Resumo da novela <strong><em>\u201cA Dona&#8221;<\/em><\/strong> em 14\/06: no cap\u00edtulo 055(*) da novela, sexta-feira, 14 de junho, Henriqueta conta para Felipe que Sandra disse que ela aceitou ser sua namorada apenas para causar ci\u00fames em Hor\u00e1cio. Ivana diz a Leonor que quando Valentina se casar levar\u00e1 Jos\u00e9 Miguel para viver na fazenda Os Carac\u00f3is e Frederico se divorciar\u00e1 dela para se casar com Isabel. Leonor comemora o fato de seu filho ter se casado com a mulher mais rica da regi\u00e3o. Jos\u00e9 Miguel informa a Valentina que viajar\u00e1 para vender sua casa na capital. Valentina expressa seu temor de que algo os separe e pede que se casem primeiro.<\/p>\n<p>Depois ela mesma o acompanhar\u00e1 a capital. Jos\u00e9 Miguel diz, chateado, que adoraria ter a companhia de Valentina na capital, mas existem gastos que n\u00e3o podem esperar e ele precisa ir o mais r\u00e1pido poss\u00edvel. Sandra pede ao Padre Ventura que fale com sua m\u00e3e e diga que Felipe \u00e9 bom. O Padre responde que talvez Henriqueta nem o permita falar, mas que mesmo assim ele tentar\u00e1 ajudar a mo\u00e7a. Felipe joga na cara de Sandra que ela o est\u00e1 usando apenas para fazer ci\u00fames em Hor\u00e1cio. Sandra, chorando, responde que Felipe pode pensar o que quiser, e que ir\u00e1 embora do povoado.<\/p>\n<p>Sandra diz a Henriqueta que j\u00e1 que ela destruiu seu noivado, sair\u00e1 do pa\u00eds para estudar. Hor\u00e1cio diz a Jos\u00e9 Miguel que corre um rumor no povoado de que ele apenas se casou com Valentina por causa de seu dinheiro e ele teme que ela acredite nisso. Rodrigo diz a Filadelfo que roubar\u00e1 Valentina para torn\u00e1-la sua mulher e evitar que ela se case com Jos\u00e9 Miguel, j\u00e1 que n\u00e3o vai aceitar outra vez que roubem uma mulher que tanto o interessa.<\/p>\n<p>(*) edi\u00e7\u00e3o do SBT, Novela \u201cA Dona\u201d, sujeito a altera\u00e7\u00e3o de data e conte\u00fado.<\/p>\n<p>Destaques<\/p>\n<p>&#8220;A Dona&#8221; &#8211; Valentina Vila\u00e7a (Lucero) \u00e9 uma mulher que tem uma grande fortuna, que seus pais deixaram para ela quando morreram em um acidente de carro. Ela tem uma mans\u00e3o na Cidade do M\u00e9xico, onde vive com sua tia Isabel Rangel de Dorantes (Silvia Pinal), e sua prima Ivana Dorantes Rangel (Gabriela Spanic) que trata Valentina com muita indiferen\u00e7a e sente inveja dela.<\/p>\n<p>Tudo muda para Valentina quando seu noivo Alonso Penalva (David Zepeda), tramando com Ivana no dia de seu casamento, a deixa esperando no altar. A partir da\u00ed, Valentina se torna uma mulher amarga, e vai para sua fazenda, no interior. Chegando l\u00e1, ela conhece seu vizinho Jos\u00e9 Miguel Montesinos (Fernando Colunga).<\/p>\n","protected":false},"excerpt":{"rendered":"<p>Resumo da novela \u201cA Dona&#8221; em 14\/06: no cap\u00edtulo 055(*) da novela, sexta-feira, 14 de junho, Henriqueta conta para Felipe que Sandra disse que ela aceitou ser sua namorada apenas para causar ci\u00fames em Hor\u00e1cio. Ivana diz a Leonor que quando Valentina se casar levar\u00e1 Jos\u00e9 Miguel para viver na fazenda Os Carac\u00f3is e Frederico [&hellip;]<\/p>\n","protected":false},"author":4,"featured_media":173626,"comment_status":"open","ping_status":"closed","sticky":false,"template":"","format":"standard","meta":{"_genesis_hide_title":false,"_genesis_hide_breadcrumbs":false,"_genesis_hide_singular_image":false,"_genesis_hide_footer_widgets":false,"_genesis_custom_body_class":"","_genesis_custom_post_class":"","_genesis_layout":"","_jetpack_memberships_contains_paid_content":false,"footnotes":""},"categories":[379,372,343],"tags":[441],"class_list":{"0":"post-177628","1":"post","2":"type-post","3":"status-publish","4":"format-standard","5":"has-post-thumbnail","7":"category-novelas","8":"category-sbt","9":"category-televisao","10":"tag-resumo-do-dia","11":"entry","12":"gs-1","13":"gs-odd","14":"gs-even","15":"gs-featured-content-entry"},"jetpack_featured_media_url":"https:\/\/www.redenoticia.com.br\/noticia\/imagens\/a-dona-03.jpg","jetpack_sharing_enabled":true,"jetpack_likes_enabled":true,"_links":{"self":[{"href":"https:\/\/www.redenoticia.com.br\/noticia\/wp-json\/wp\/v2\/posts\/177628","targetHints":{"allow":["GET"]}}],"collection":[{"href":"https:\/\/www.redenoticia.com.br\/noticia\/wp-json\/wp\/v2\/posts"}],"about":[{"href":"https:\/\/www.redenoticia.com.br\/noticia\/wp-json\/wp\/v2\/types\/post"}],"author":[{"embeddable":true,"href":"https:\/\/www.redenoticia.com.br\/noticia\/wp-json\/wp\/v2\/users\/4"}],"replies":[{"embeddable":true,"href":"https:\/\/www.redenoticia.com.br\/noticia\/wp-json\/wp\/v2\/comments?post=177628"}],"version-history":[{"count":0,"href":"https:\/\/www.redenoticia.com.br\/noticia\/wp-json\/wp\/v2\/posts\/177628\/revisions"}],"wp:featuredmedia":[{"embeddable":true,"href":"https:\/\/www.redenoticia.com.br\/noticia\/wp-json\/wp\/v2\/media\/173626"}],"wp:attachment":[{"href":"https:\/\/www.redenoticia.com.br\/noticia\/wp-json\/wp\/v2\/media?parent=177628"}],"wp:term":[{"taxonomy":"category","embeddable":true,"href":"https:\/\/www.redenoticia.com.br\/noticia\/wp-json\/wp\/v2\/categories?post=177628"},{"taxonomy":"post_tag","embeddable":true,"href":"https:\/\/www.redenoticia.com.br\/noticia\/wp-json\/wp\/v2\/tags?post=177628"}],"curies":[{"name":"wp","href":"https:\/\/api.w.org\/{rel}","templated":true}]}}