{"id":177577,"date":"2019-06-12T15:41:10","date_gmt":"2019-06-12T18:41:10","guid":{"rendered":"https:\/\/www.redenoticia.com.br\/noticia\/?p=177577"},"modified":"2019-06-12T15:41:16","modified_gmt":"2019-06-12T18:41:16","slug":"resumo-novela-a-que-nao-podia-amar-13-06-a-policia-federal-procura-miguel-na-fazenda","status":"publish","type":"post","link":"https:\/\/www.redenoticia.com.br\/noticia\/2019\/resumo-novela-a-que-nao-podia-amar-13-06-a-policia-federal-procura-miguel-na-fazenda\/177577","title":{"rendered":"Resumo novela \u201cA Que N\u00e3o Podia Amar\u201d 13\/06: A pol\u00edcia federal procura Miguel na fazenda"},"content":{"rendered":"<p><strong><em><img loading=\"lazy\" decoding=\"async\" class=\"aligncenter size-large wp-image-173635\" src=\"https:\/\/www.redenoticia.com.br\/noticia\/imagens\/a-que-nao-podia-amar-400x271.jpg\" alt=\"\" width=\"400\" height=\"271\" srcset=\"https:\/\/www.redenoticia.com.br\/noticia\/imagens\/a-que-nao-podia-amar-400x271.jpg 400w, https:\/\/www.redenoticia.com.br\/noticia\/imagens\/a-que-nao-podia-amar-250x169.jpg 250w, https:\/\/www.redenoticia.com.br\/noticia\/imagens\/a-que-nao-podia-amar-560x379.jpg 560w, https:\/\/www.redenoticia.com.br\/noticia\/imagens\/a-que-nao-podia-amar.jpg 620w\" sizes=\"auto, (max-width: 400px) 100vw, 400px\" \/><\/em><\/strong><\/p>\n<p>Resumo da novela<strong><em> \u201cA Que N\u00e3o Podia Amar\u201d&nbsp;<\/em><\/strong> em 13\/06: no cap\u00edtulo 049(*) da novela, quinta-feira, 13 de junho, Rog\u00e9rio pede a Hugo que acompanhe David at\u00e9 a sa\u00edda da casa, pois n\u00e3o quer que o jovem se aproxime de sua esposa. Alarmada, Maria invade o escrit\u00f3rio de Rog\u00e9rio para avisar que a Pol\u00edcia Federal est\u00e1 na Fazenda. Ana Paula pede o apoio de sua tia, pois Rog\u00e9rio acredita que ela seria capaz de vender sua sobrinha. Rosaura se surpreende.<\/p>\n<p>Ana Paula se encontra com Bruno e com sua tia, e tentam procurar a maneira de terminar o contrato com Rog\u00e9rio. Contudo, s\u00e3o interrompidos por uma das empregadas da fazenda quem lhes avisa que a pol\u00edcia federal est\u00e1 procurando por Miguel. Por sua parte, o irm\u00e3o de Ana Paula ao escutar que os agentes est\u00e3o ali com inten\u00e7\u00f5es de lev\u00e1-lo preso, pede ajuda a Hugo para se esconder. Por outro lado, Rog\u00e9rio come\u00e7a a suspeitar que \u00e9 David quem est\u00e1 por tr\u00e1s da chegada dos agentes na fazenda.<\/p>\n<p>Bruno conta a David que v\u00e3o vender as terras do Rancho La Negra, pelas quais passa a \u00e1gua que chega na fazenda do Forte. Dessa forma, a fazenda ficar\u00e1 sem \u00e1gua e Rog\u00e9rio perderia todo o gado. Rog\u00e9rio confessa a Maria que pediu a David que pressionasse para que Miguel fosse para a cadeia. Abalado, Rog\u00e9rio confessa a Maria que gostaria que algum dia Ana Paula falasse dele como fala de seu ex-namorado. Paula pega o documento de Gustavo e diz que sente muito sua falta, pois em seus bra\u00e7os se sentia muito segura. Rog\u00e9rio diz a Ana Paula que vai apoiar C\u00edntia para que comece uma rela\u00e7\u00e3o com Gustavo, quando esta escuta o nome se surpreende.<\/p>\n<p>(*) edi\u00e7\u00e3o do SBT, Novela \u201cA Que N\u00e3o Podia Amar\u201d, sujeito a altera\u00e7\u00e3o de data e conte\u00fado.<\/p>\n<p>Destaques<\/p>\n<p>&#8220;A Que N\u00e3o Podia Amar&#8221;- Ana Paula, uma enfermeira humilde que se v\u00ea obrigada a trabalhar na casa de Rog\u00e9rio Montero (Jorge Salinas), um homem amargurado. Rog\u00e9rio sofre por ser parapl\u00e9gico e destrata todas as pessoas. Ana Paula atura tudo calada e o rica\u00e7o se apaixona por ela.<\/p>\n<p>Ana conhece Gustavo Duran (Jos\u00e9 Ron), um engenheiro nobre e trabalhador. Os dois se apaixonam, mas ter\u00e3o de enfrentar Rog\u00e9rio, j\u00e1 que ele tamb\u00e9m gosta da mocinha, formando assim, um tri\u00e2ngulo amoroso com terr\u00edveis consequ\u00eancias.<\/p>\n","protected":false},"excerpt":{"rendered":"<p>Resumo da novela \u201cA Que N\u00e3o Podia Amar\u201d&nbsp; em 13\/06: no cap\u00edtulo 049(*) da novela, quinta-feira, 13 de junho, Rog\u00e9rio pede a Hugo que acompanhe David at\u00e9 a sa\u00edda da casa, pois n\u00e3o quer que o jovem se aproxime de sua esposa. Alarmada, Maria invade o escrit\u00f3rio de Rog\u00e9rio para avisar que a Pol\u00edcia Federal [&hellip;]<\/p>\n","protected":false},"author":4,"featured_media":173627,"comment_status":"open","ping_status":"closed","sticky":false,"template":"","format":"standard","meta":{"_genesis_hide_title":false,"_genesis_hide_breadcrumbs":false,"_genesis_hide_singular_image":false,"_genesis_hide_footer_widgets":false,"_genesis_custom_body_class":"","_genesis_custom_post_class":"","_genesis_layout":"","_jetpack_memberships_contains_paid_content":false,"footnotes":""},"categories":[379,372,343],"tags":[441],"class_list":{"0":"post-177577","1":"post","2":"type-post","3":"status-publish","4":"format-standard","5":"has-post-thumbnail","7":"category-novelas","8":"category-sbt","9":"category-televisao","10":"tag-resumo-do-dia","11":"entry","12":"gs-1","13":"gs-odd","14":"gs-even","15":"gs-featured-content-entry"},"jetpack_featured_media_url":"https:\/\/www.redenoticia.com.br\/noticia\/imagens\/a-que-nao-podia-amar-sbt-01.jpg","jetpack_sharing_enabled":true,"jetpack_likes_enabled":true,"_links":{"self":[{"href":"https:\/\/www.redenoticia.com.br\/noticia\/wp-json\/wp\/v2\/posts\/177577","targetHints":{"allow":["GET"]}}],"collection":[{"href":"https:\/\/www.redenoticia.com.br\/noticia\/wp-json\/wp\/v2\/posts"}],"about":[{"href":"https:\/\/www.redenoticia.com.br\/noticia\/wp-json\/wp\/v2\/types\/post"}],"author":[{"embeddable":true,"href":"https:\/\/www.redenoticia.com.br\/noticia\/wp-json\/wp\/v2\/users\/4"}],"replies":[{"embeddable":true,"href":"https:\/\/www.redenoticia.com.br\/noticia\/wp-json\/wp\/v2\/comments?post=177577"}],"version-history":[{"count":0,"href":"https:\/\/www.redenoticia.com.br\/noticia\/wp-json\/wp\/v2\/posts\/177577\/revisions"}],"wp:featuredmedia":[{"embeddable":true,"href":"https:\/\/www.redenoticia.com.br\/noticia\/wp-json\/wp\/v2\/media\/173627"}],"wp:attachment":[{"href":"https:\/\/www.redenoticia.com.br\/noticia\/wp-json\/wp\/v2\/media?parent=177577"}],"wp:term":[{"taxonomy":"category","embeddable":true,"href":"https:\/\/www.redenoticia.com.br\/noticia\/wp-json\/wp\/v2\/categories?post=177577"},{"taxonomy":"post_tag","embeddable":true,"href":"https:\/\/www.redenoticia.com.br\/noticia\/wp-json\/wp\/v2\/tags?post=177577"}],"curies":[{"name":"wp","href":"https:\/\/api.w.org\/{rel}","templated":true}]}}