{"id":177575,"date":"2019-06-12T15:39:59","date_gmt":"2019-06-12T18:39:59","guid":{"rendered":"https:\/\/www.redenoticia.com.br\/noticia\/?p=177575"},"modified":"2019-06-12T15:40:09","modified_gmt":"2019-06-12T18:40:09","slug":"resumo-novela-a-dona-13-06-isabel-confessa-a-valentina-que-ama-frederico","status":"publish","type":"post","link":"https:\/\/www.redenoticia.com.br\/noticia\/2019\/resumo-novela-a-dona-13-06-isabel-confessa-a-valentina-que-ama-frederico\/177575","title":{"rendered":"Resumo novela \u201cA Dona\u201d 13\/06: Isabel confessa a Valentina que ama Frederico"},"content":{"rendered":"<p><img loading=\"lazy\" decoding=\"async\" class=\"aligncenter size-large wp-image-173633\" src=\"https:\/\/www.redenoticia.com.br\/noticia\/imagens\/a-dona-270x300.jpg\" alt=\"\" width=\"270\" height=\"300\" srcset=\"https:\/\/www.redenoticia.com.br\/noticia\/imagens\/a-dona-270x300.jpg 270w, https:\/\/www.redenoticia.com.br\/noticia\/imagens\/a-dona-168x187.jpg 168w, https:\/\/www.redenoticia.com.br\/noticia\/imagens\/a-dona.jpg 380w\" sizes=\"auto, (max-width: 270px) 100vw, 270px\" \/>Resumo da novela <strong><em>\u201cA Dona&#8221;<\/em><\/strong> em 13\/06: no cap\u00edtulo 054(*) da novela, quinta-feira, 13 de junho, Valentina diz a Jos\u00e9 Miguel que gostaria de saber o real motivo de sua expuls\u00e3o do semin\u00e1rio. Ela sabe que foi por uma mulher, mas gostaria de saber mais e do pr\u00f3prio Jos\u00e9 Miguel. Ele diz que a mulher que causou sua expuls\u00e3o se chama C\u00e9lia Oliveira. Ele tentou ajud\u00e1-la em alguns problemas, por\u00e9m ela confundiu as coisas e se apaixonou. Certo dia ele estava no banho e ela entrou em seu quarto seminua. O Padre acabou chegando nesse momento e, ao ver essa cena, pensou ter havido algo entre eles. Jos\u00e9 Miguel entrega um anel de compromisso a Valentina e lhe diz que foi de sua av\u00f3 paterna.<\/p>\n<p>Moises diz a Sandra que Hor\u00e1cio n\u00e3o parecia mesmo o homem ideal para sua filha, mas que tem boas impress\u00f5es de Felipe. Ele pede para que ela n\u00e3o se preocupe com Henriqueta, pois mais cedo ou mais tarde ela acabar\u00e1 aceitando a rela\u00e7\u00e3o da filha com Felipe. Moises adverte Henriqueta que se ela voltar a colocar a m\u00e3o em cima de sua filha, se divorciar\u00e1 dela. Ivana, furiosa, pergunta a Leonor porque ela aceitou o casamento de seu filho com Valentina e se ela pensa em fazer algo para impedir essa loucura.<\/p>\n<p>Leonor responde que est\u00e1 agindo conforme seus pr\u00f3prios interesses. Frederico diz a Isabel que est\u00e1 disposto a deixar Leonor ir para a capital e, assim, poder desfrutar de seus \u00faltimos dias de vida na fazenda ao lado dela, seu grande amor. Isabel, chorando, responde que esse amor ficou no passado. Ivana, hip\u00f3crita, faz Valentina acreditar que j\u00e1 aceitou que ela e Jos\u00e9 Miguel se amam, e que j\u00e1 n\u00e3o vai mais interferir. Ela comunica a Valentina que ap\u00f3s o casamento se mudar\u00e1 em definitivo com Isabel para a capital.<\/p>\n<p>Isabel confessa a Valentina o amor que sente por Frederico e o que ele a prop\u00f4s. Valentina diz que n\u00e3o v\u00ea nada de mal em que a tia viva com o homem que ama. Isabel responde que existem muitos motivos que impedem essa rela\u00e7\u00e3o, o principal \u00e9 a idade. Rodrigo, furioso, esbofeteia um homem que debocha de Valentina. Ivana diz que Valentina \u00e9 vulgar por se apresentar seminua na frente de todos seus trabalhadores e, se \u00e9 assim em p\u00fablico, imagina o que pode fazer quando est\u00e1 s\u00f3 com seu amado Jos\u00e9 Miguel.<\/p>\n<p>(*) edi\u00e7\u00e3o do SBT, Novela \u201cA Dona\u201d, sujeito a altera\u00e7\u00e3o de data e conte\u00fado.<\/p>\n<p>Destaques<\/p>\n<p>&#8220;A Dona&#8221; &#8211; Valentina Vila\u00e7a (Lucero) \u00e9 uma mulher que tem uma grande fortuna, que seus pais deixaram para ela quando morreram em um acidente de carro. Ela tem uma mans\u00e3o na Cidade do M\u00e9xico, onde vive com sua tia Isabel Rangel de Dorantes (Silvia Pinal), e sua prima Ivana Dorantes Rangel (Gabriela Spanic) que trata Valentina com muita indiferen\u00e7a e sente inveja dela.<\/p>\n<p>Tudo muda para Valentina quando seu noivo Alonso Penalva (David Zepeda), tramando com Ivana no dia de seu casamento, a deixa esperando no altar. A partir da\u00ed, Valentina se torna uma mulher amarga, e vai para sua fazenda, no interior. Chegando l\u00e1, ela conhece seu vizinho Jos\u00e9 Miguel Montesinos (Fernando Colunga).<\/p>\n","protected":false},"excerpt":{"rendered":"<p>Resumo da novela \u201cA Dona&#8221; em 13\/06: no cap\u00edtulo 054(*) da novela, quinta-feira, 13 de junho, Valentina diz a Jos\u00e9 Miguel que gostaria de saber o real motivo de sua expuls\u00e3o do semin\u00e1rio. Ela sabe que foi por uma mulher, mas gostaria de saber mais e do pr\u00f3prio Jos\u00e9 Miguel. Ele diz que a mulher [&hellip;]<\/p>\n","protected":false},"author":4,"featured_media":173626,"comment_status":"open","ping_status":"closed","sticky":false,"template":"","format":"standard","meta":{"_genesis_hide_title":false,"_genesis_hide_breadcrumbs":false,"_genesis_hide_singular_image":false,"_genesis_hide_footer_widgets":false,"_genesis_custom_body_class":"","_genesis_custom_post_class":"","_genesis_layout":"","_jetpack_memberships_contains_paid_content":false,"footnotes":""},"categories":[379,372,343],"tags":[441],"class_list":{"0":"post-177575","1":"post","2":"type-post","3":"status-publish","4":"format-standard","5":"has-post-thumbnail","7":"category-novelas","8":"category-sbt","9":"category-televisao","10":"tag-resumo-do-dia","11":"entry","12":"gs-1","13":"gs-odd","14":"gs-even","15":"gs-featured-content-entry"},"jetpack_featured_media_url":"https:\/\/www.redenoticia.com.br\/noticia\/imagens\/a-dona-03.jpg","jetpack_sharing_enabled":true,"jetpack_likes_enabled":true,"_links":{"self":[{"href":"https:\/\/www.redenoticia.com.br\/noticia\/wp-json\/wp\/v2\/posts\/177575","targetHints":{"allow":["GET"]}}],"collection":[{"href":"https:\/\/www.redenoticia.com.br\/noticia\/wp-json\/wp\/v2\/posts"}],"about":[{"href":"https:\/\/www.redenoticia.com.br\/noticia\/wp-json\/wp\/v2\/types\/post"}],"author":[{"embeddable":true,"href":"https:\/\/www.redenoticia.com.br\/noticia\/wp-json\/wp\/v2\/users\/4"}],"replies":[{"embeddable":true,"href":"https:\/\/www.redenoticia.com.br\/noticia\/wp-json\/wp\/v2\/comments?post=177575"}],"version-history":[{"count":0,"href":"https:\/\/www.redenoticia.com.br\/noticia\/wp-json\/wp\/v2\/posts\/177575\/revisions"}],"wp:featuredmedia":[{"embeddable":true,"href":"https:\/\/www.redenoticia.com.br\/noticia\/wp-json\/wp\/v2\/media\/173626"}],"wp:attachment":[{"href":"https:\/\/www.redenoticia.com.br\/noticia\/wp-json\/wp\/v2\/media?parent=177575"}],"wp:term":[{"taxonomy":"category","embeddable":true,"href":"https:\/\/www.redenoticia.com.br\/noticia\/wp-json\/wp\/v2\/categories?post=177575"},{"taxonomy":"post_tag","embeddable":true,"href":"https:\/\/www.redenoticia.com.br\/noticia\/wp-json\/wp\/v2\/tags?post=177575"}],"curies":[{"name":"wp","href":"https:\/\/api.w.org\/{rel}","templated":true}]}}