{"id":177439,"date":"2019-06-11T16:01:04","date_gmt":"2019-06-11T19:01:04","guid":{"rendered":"https:\/\/www.redenoticia.com.br\/noticia\/?p=177439"},"modified":"2019-06-11T16:01:04","modified_gmt":"2019-06-11T19:01:04","slug":"resumo-novela-a-dona-12-06-na-lagoa-ivana-rouba-as-roupas-de-valentina","status":"publish","type":"post","link":"https:\/\/www.redenoticia.com.br\/noticia\/2019\/resumo-novela-a-dona-12-06-na-lagoa-ivana-rouba-as-roupas-de-valentina\/177439","title":{"rendered":"Resumo novela \u201cA Dona\u201d 12\/06: Na lagoa, Ivana rouba as roupas de Valentina"},"content":{"rendered":"<p><img loading=\"lazy\" decoding=\"async\" class=\"aligncenter size-large wp-image-173633\" src=\"https:\/\/www.redenoticia.com.br\/noticia\/imagens\/a-dona-270x300.jpg\" alt=\"\" width=\"270\" height=\"300\" srcset=\"https:\/\/www.redenoticia.com.br\/noticia\/imagens\/a-dona-270x300.jpg 270w, https:\/\/www.redenoticia.com.br\/noticia\/imagens\/a-dona-168x187.jpg 168w, https:\/\/www.redenoticia.com.br\/noticia\/imagens\/a-dona.jpg 380w\" sizes=\"auto, (max-width: 270px) 100vw, 270px\" \/>Resumo da novela <strong><em>\u201cA Dona&#8221;<\/em><\/strong> em 12\/06: no cap\u00edtulo 053(*) da novela, quarta-feira, 12 de junho, Valentina diz a Ivana que naquela noite os pais de Jos\u00e9 Miguel ir\u00e3o formalmente pedir sua m\u00e3o, e que se ela quiser acompanh\u00e1-los, ser\u00e1 bem-vinda, mas se preferir pode ficar pela fazenda para passear com Rodrigo. Valentina diz a Isabel que Jos\u00e9 Miguel e seus pais ir\u00e3o a Os Carac\u00f3is formalizar o pedido de casamento. Ivana tenta convencer Isabel a n\u00e3o estar presente durante o pedido da m\u00e3o de Valentina, segundo ela, por solidariedade a seu amor pelo futuro esposo da prima. Isabel responde que Ivana est\u00e1 confusa, pois teve tudo para ser feliz e n\u00e3o o fez, e por fim pede a filha que aceite que Jos\u00e9 Miguel e Valentina se amam.<\/p>\n<p>Jos\u00e9 Miguel e Valentina v\u00e3o nadar, Ivana os observa e rouba a roupa de Valentina, que chega a fazenda apenas com a camisa de Jos\u00e9 Miguel. Isabel, Benita e Maria da Luz se escandalizam ao ver Valentina seminua. Ela explica que roubaram sua roupa. Leonor, hip\u00f3crita, d\u00e1 um anel de compromisso de Jos\u00e9 Miguel a Valentina e diz que \u00e9 um presente muito fino, que pertenceu a sua av\u00f3, e que Frederico a deu quando se comprometeram. Ela pede a Valentina que continue a tradi\u00e7\u00e3o, dando o anel posteriormente a seu primeiro filho que se casar. Felipe diz a Sandra que vai falar com Henriqueta, j\u00e1 que n\u00e3o gosta de esconder assuntos importantes de ningu\u00e9m.<\/p>\n<p>Sandra pede mais um pouco de tempo. Henriqueta se escandaliza ao ver Sandra e Felipe se beijando e fica ainda mais nervosa quando sua filha a diz que eles s\u00e3o namorados. Henriqueta diz que a filha \u00e9 uma imbecil pois trocou Hor\u00e1cio por um pobret\u00e3o. Sandra diz que Hor\u00e1cio jamais a amou, e pede a m\u00e3e que deixe de se meter em sua vida. Henriqueta esbofeteia a filha e Mois\u00e9s a repreende, dizendo que ela acaba por perder o amor e o respeito de Sandra. Leonor diz aos Vila\u00e7a que est\u00e1 certa que Jos\u00e9 Miguel far\u00e1 Valentina muito feliz.<\/p>\n<p>(*) edi\u00e7\u00e3o do SBT, Novela \u201cA Dona\u201d, sujeito a altera\u00e7\u00e3o de data e conte\u00fado.<\/p>\n<p>Destaques<\/p>\n<p>&#8220;A Dona&#8221; &#8211; Valentina Vila\u00e7a (Lucero) \u00e9 uma mulher que tem uma grande fortuna, que seus pais deixaram para ela quando morreram em um acidente de carro. Ela tem uma mans\u00e3o na Cidade do M\u00e9xico, onde vive com sua tia Isabel Rangel de Dorantes (Silvia Pinal), e sua prima Ivana Dorantes Rangel (Gabriela Spanic) que trata Valentina com muita indiferen\u00e7a e sente inveja dela.<\/p>\n<p>Tudo muda para Valentina quando seu noivo Alonso Penalva (David Zepeda), tramando com Ivana no dia de seu casamento, a deixa esperando no altar. A partir da\u00ed, Valentina se torna uma mulher amarga, e vai para sua fazenda, no interior. Chegando l\u00e1, ela conhece seu vizinho Jos\u00e9 Miguel Montesinos (Fernando Colunga).<\/p>\n","protected":false},"excerpt":{"rendered":"<p>Resumo da novela \u201cA Dona&#8221; em 12\/06: no cap\u00edtulo 053(*) da novela, quarta-feira, 12 de junho, Valentina diz a Ivana que naquela noite os pais de Jos\u00e9 Miguel ir\u00e3o formalmente pedir sua m\u00e3o, e que se ela quiser acompanh\u00e1-los, ser\u00e1 bem-vinda, mas se preferir pode ficar pela fazenda para passear com Rodrigo. Valentina diz a [&hellip;]<\/p>\n","protected":false},"author":4,"featured_media":173626,"comment_status":"open","ping_status":"closed","sticky":false,"template":"","format":"standard","meta":{"_genesis_hide_title":false,"_genesis_hide_breadcrumbs":false,"_genesis_hide_singular_image":false,"_genesis_hide_footer_widgets":false,"_genesis_custom_body_class":"","_genesis_custom_post_class":"","_genesis_layout":"","_jetpack_memberships_contains_paid_content":false,"footnotes":""},"categories":[379,372,343],"tags":[441],"class_list":{"0":"post-177439","1":"post","2":"type-post","3":"status-publish","4":"format-standard","5":"has-post-thumbnail","7":"category-novelas","8":"category-sbt","9":"category-televisao","10":"tag-resumo-do-dia","11":"entry","12":"gs-1","13":"gs-odd","14":"gs-even","15":"gs-featured-content-entry"},"jetpack_featured_media_url":"https:\/\/www.redenoticia.com.br\/noticia\/imagens\/a-dona-03.jpg","jetpack_sharing_enabled":true,"jetpack_likes_enabled":true,"_links":{"self":[{"href":"https:\/\/www.redenoticia.com.br\/noticia\/wp-json\/wp\/v2\/posts\/177439","targetHints":{"allow":["GET"]}}],"collection":[{"href":"https:\/\/www.redenoticia.com.br\/noticia\/wp-json\/wp\/v2\/posts"}],"about":[{"href":"https:\/\/www.redenoticia.com.br\/noticia\/wp-json\/wp\/v2\/types\/post"}],"author":[{"embeddable":true,"href":"https:\/\/www.redenoticia.com.br\/noticia\/wp-json\/wp\/v2\/users\/4"}],"replies":[{"embeddable":true,"href":"https:\/\/www.redenoticia.com.br\/noticia\/wp-json\/wp\/v2\/comments?post=177439"}],"version-history":[{"count":0,"href":"https:\/\/www.redenoticia.com.br\/noticia\/wp-json\/wp\/v2\/posts\/177439\/revisions"}],"wp:featuredmedia":[{"embeddable":true,"href":"https:\/\/www.redenoticia.com.br\/noticia\/wp-json\/wp\/v2\/media\/173626"}],"wp:attachment":[{"href":"https:\/\/www.redenoticia.com.br\/noticia\/wp-json\/wp\/v2\/media?parent=177439"}],"wp:term":[{"taxonomy":"category","embeddable":true,"href":"https:\/\/www.redenoticia.com.br\/noticia\/wp-json\/wp\/v2\/categories?post=177439"},{"taxonomy":"post_tag","embeddable":true,"href":"https:\/\/www.redenoticia.com.br\/noticia\/wp-json\/wp\/v2\/tags?post=177439"}],"curies":[{"name":"wp","href":"https:\/\/api.w.org\/{rel}","templated":true}]}}