{"id":177377,"date":"2019-06-10T15:27:02","date_gmt":"2019-06-10T18:27:02","guid":{"rendered":"https:\/\/www.redenoticia.com.br\/noticia\/?p=177377"},"modified":"2019-06-10T15:27:08","modified_gmt":"2019-06-10T18:27:08","slug":"resumo-novela-a-que-nao-podia-amar-11-06-rogerio-entrega-a-ana-paula-o-contrato-do-casamento","status":"publish","type":"post","link":"https:\/\/www.redenoticia.com.br\/noticia\/2019\/resumo-novela-a-que-nao-podia-amar-11-06-rogerio-entrega-a-ana-paula-o-contrato-do-casamento\/177377","title":{"rendered":"Resumo novela \u201cA Que N\u00e3o Podia Amar\u201d 11\/06: Rog\u00e9rio entrega a Ana Paula o contrato do casamento"},"content":{"rendered":"<p><strong><em><img loading=\"lazy\" decoding=\"async\" class=\"aligncenter size-large wp-image-173635\" src=\"https:\/\/www.redenoticia.com.br\/noticia\/imagens\/a-que-nao-podia-amar-400x271.jpg\" alt=\"\" width=\"400\" height=\"271\" srcset=\"https:\/\/www.redenoticia.com.br\/noticia\/imagens\/a-que-nao-podia-amar-400x271.jpg 400w, https:\/\/www.redenoticia.com.br\/noticia\/imagens\/a-que-nao-podia-amar-250x169.jpg 250w, https:\/\/www.redenoticia.com.br\/noticia\/imagens\/a-que-nao-podia-amar-560x379.jpg 560w, https:\/\/www.redenoticia.com.br\/noticia\/imagens\/a-que-nao-podia-amar.jpg 620w\" sizes=\"auto, (max-width: 400px) 100vw, 400px\" \/><\/em><\/strong><\/p>\n<p>Resumo da novela<strong><em> \u201cA Que N\u00e3o Podia Amar\u201d&nbsp;<\/em><\/strong> em 11\/06: no cap\u00edtulo 047(*) da novela, ter\u00e7a-feira, 11 de junho, Bruno reitera a Ana Paula que sempre poder\u00e1 contar com ele para tudo o que precisar, ela lhe agradece por tudo o que fez, mas principalmente por ter lhe mandado avisar em Boca do C\u00e9u que Rog\u00e9rio estava a procurando, nesse momento Rog\u00e9rio chega e escuta tudo. Ele acusa Bruno de ser um traidor. Rog\u00e9rio amea\u00e7a matar Bruno caso ele tentar algo com Ana Paula. Por outro lado, David diz a Vanessa que a ideia de ser s\u00f3cios n\u00e3o \u00e9 somente para construir o centro comercial, mas para tirar as terras de Rog\u00e9rio, esta responde que tem raz\u00e3o, pois essa \u00e9 a maneira de lev\u00e1-lo \u00e0 fal\u00eancia.<\/p>\n<p>Rosaura diz a Bruno que talvez ele n\u00e3o seja t\u00e3o indiferente a Ana Paula, este responde que ficar\u00e1 com o dinheiro e com a mulher de Rog\u00e9rio Montero. Vanessa conversa com Gustavo e lhe pede assessoria nos neg\u00f3cios com David, j\u00e1 que ela tem pouco conhecimento sobre o tema. Al\u00e9m disso, aproveita e prop\u00f5e que os dois trabalhem juntos. Rog\u00e9rio leva Ana Paula ao povoado e diante de todos a beija. Daniela conta a Ana Paula os motivos para terem trancado Miguel. Ao saber das boas inten\u00e7\u00f5es de Rog\u00e9rio, Ana o procura e lhe pede perd\u00e3o. Rog\u00e9rio entrega a Ana Paula o contrato do casamento, como um voto de confian\u00e7a e para ela saber com o que est\u00e1 comprometida.<\/p>\n<p>(*) edi\u00e7\u00e3o do SBT, Novela \u201cA Que N\u00e3o Podia Amar\u201d, sujeito a altera\u00e7\u00e3o de data e conte\u00fado.<\/p>\n<p>Destaques<\/p>\n<p>&#8220;A Que N\u00e3o Podia Amar&#8221;- Ana Paula, uma enfermeira humilde que se v\u00ea obrigada a trabalhar na casa de Rog\u00e9rio Montero (Jorge Salinas), um homem amargurado. Rog\u00e9rio sofre por ser parapl\u00e9gico e destrata todas as pessoas. Ana Paula atura tudo calada e o rica\u00e7o se apaixona por ela.<\/p>\n<p>Ana conhece Gustavo Duran (Jos\u00e9 Ron), um engenheiro nobre e trabalhador. Os dois se apaixonam, mas ter\u00e3o de enfrentar Rog\u00e9rio, j\u00e1 que ele tamb\u00e9m gosta da mocinha, formando assim, um tri\u00e2ngulo amoroso com terr\u00edveis consequ\u00eancias.<\/p>\n","protected":false},"excerpt":{"rendered":"<p>Resumo da novela \u201cA Que N\u00e3o Podia Amar\u201d&nbsp; em 11\/06: no cap\u00edtulo 047(*) da novela, ter\u00e7a-feira, 11 de junho, Bruno reitera a Ana Paula que sempre poder\u00e1 contar com ele para tudo o que precisar, ela lhe agradece por tudo o que fez, mas principalmente por ter lhe mandado avisar em Boca do C\u00e9u que [&hellip;]<\/p>\n","protected":false},"author":4,"featured_media":173627,"comment_status":"open","ping_status":"closed","sticky":false,"template":"","format":"standard","meta":{"_genesis_hide_title":false,"_genesis_hide_breadcrumbs":false,"_genesis_hide_singular_image":false,"_genesis_hide_footer_widgets":false,"_genesis_custom_body_class":"","_genesis_custom_post_class":"","_genesis_layout":"","_jetpack_memberships_contains_paid_content":false,"footnotes":""},"categories":[379,372,343],"tags":[441],"class_list":{"0":"post-177377","1":"post","2":"type-post","3":"status-publish","4":"format-standard","5":"has-post-thumbnail","7":"category-novelas","8":"category-sbt","9":"category-televisao","10":"tag-resumo-do-dia","11":"entry","12":"gs-1","13":"gs-odd","14":"gs-even","15":"gs-featured-content-entry"},"jetpack_featured_media_url":"https:\/\/www.redenoticia.com.br\/noticia\/imagens\/a-que-nao-podia-amar-sbt-01.jpg","jetpack_sharing_enabled":true,"jetpack_likes_enabled":true,"_links":{"self":[{"href":"https:\/\/www.redenoticia.com.br\/noticia\/wp-json\/wp\/v2\/posts\/177377","targetHints":{"allow":["GET"]}}],"collection":[{"href":"https:\/\/www.redenoticia.com.br\/noticia\/wp-json\/wp\/v2\/posts"}],"about":[{"href":"https:\/\/www.redenoticia.com.br\/noticia\/wp-json\/wp\/v2\/types\/post"}],"author":[{"embeddable":true,"href":"https:\/\/www.redenoticia.com.br\/noticia\/wp-json\/wp\/v2\/users\/4"}],"replies":[{"embeddable":true,"href":"https:\/\/www.redenoticia.com.br\/noticia\/wp-json\/wp\/v2\/comments?post=177377"}],"version-history":[{"count":0,"href":"https:\/\/www.redenoticia.com.br\/noticia\/wp-json\/wp\/v2\/posts\/177377\/revisions"}],"wp:featuredmedia":[{"embeddable":true,"href":"https:\/\/www.redenoticia.com.br\/noticia\/wp-json\/wp\/v2\/media\/173627"}],"wp:attachment":[{"href":"https:\/\/www.redenoticia.com.br\/noticia\/wp-json\/wp\/v2\/media?parent=177377"}],"wp:term":[{"taxonomy":"category","embeddable":true,"href":"https:\/\/www.redenoticia.com.br\/noticia\/wp-json\/wp\/v2\/categories?post=177377"},{"taxonomy":"post_tag","embeddable":true,"href":"https:\/\/www.redenoticia.com.br\/noticia\/wp-json\/wp\/v2\/tags?post=177377"}],"curies":[{"name":"wp","href":"https:\/\/api.w.org\/{rel}","templated":true}]}}