{"id":177375,"date":"2019-06-10T15:25:35","date_gmt":"2019-06-10T18:25:35","guid":{"rendered":"https:\/\/www.redenoticia.com.br\/noticia\/?p=177375"},"modified":"2019-06-10T15:25:40","modified_gmt":"2019-06-10T18:25:40","slug":"resumo-novela-a-dona-11-06-valentina-descobre-que-ivana-tem-um-caso-com-rodrigo","status":"publish","type":"post","link":"https:\/\/www.redenoticia.com.br\/noticia\/2019\/resumo-novela-a-dona-11-06-valentina-descobre-que-ivana-tem-um-caso-com-rodrigo\/177375","title":{"rendered":"Resumo novela \u201cA Dona\u201d 11\/06: Valentina descobre que Ivana tem um caso com Rodrigo"},"content":{"rendered":"<p><img loading=\"lazy\" decoding=\"async\" class=\"aligncenter size-large wp-image-173633\" src=\"https:\/\/www.redenoticia.com.br\/noticia\/imagens\/a-dona-270x300.jpg\" alt=\"\" width=\"270\" height=\"300\" srcset=\"https:\/\/www.redenoticia.com.br\/noticia\/imagens\/a-dona-270x300.jpg 270w, https:\/\/www.redenoticia.com.br\/noticia\/imagens\/a-dona-168x187.jpg 168w, https:\/\/www.redenoticia.com.br\/noticia\/imagens\/a-dona.jpg 380w\" sizes=\"auto, (max-width: 270px) 100vw, 270px\" \/>Resumo da novela <strong><em>\u201cA Dona&#8221;<\/em><\/strong> em 11\/06: no cap\u00edtulo 052(*) da novela, ter\u00e7a-feira, 11 de junho,  Gabriela diz a Isabel que viu Ivana e Rodrigo se beijando. Ivana, revoltada, diz a Isabel que ela deve acreditar em sua filha, e n\u00e3o nas mentiras de Gabriela. Isabel diz que n\u00e3o quer seguir nesse assunto e diz que logo elas voltaram para a capital, j\u00e1 que a \u00faltima coisa que deseja \u00e9 ver sua filha se transformar ou ter a fama de ser uma qualquer. Valentina garante a Isabel que se comprovar que Rodrigo beijou Ivana a for\u00e7a, o demitiria da fazenda de imediato, ainda que a mesma viesse a baixo.<\/p>\n<p>Jos\u00e9 Miguel comenta com Frederico que n\u00e3o est\u00e1 muito certo que Leonor realmente aceite seu casamento com Valentina. Maria da Luz diz a Gabriela que Rodrigo \u00e9 um homem mulherengo e est\u00e1 apaixonado por Valentina. Felipe diz a Sandra que suas inten\u00e7\u00f5es com ela s\u00e3o s\u00e9rias e que pensa em um futuro a seu lado. Sandra responde que no momento \u00e9 melhor n\u00e3o falar com Enriqueta, pois ela poderia n\u00e3o aceitar essa rela\u00e7\u00e3o. Hor\u00e1cio v\u00ea Sandra e Felipe aos beijos e sente ci\u00fames. Leonor diz a Frederico que aceita o casamento de seu filho com Valentina, e que espera que eles rapidamente a de netos. Isabel esbofeteia Rodrigo, e o adverte que nunca mais volte a se aproximar de Ivana.<\/p>\n<p>Jos\u00e9 Miguel diz a seus pais que vai pedir a m\u00e3o de Valentina formalmente aquela noite. Rodrigo, furioso, diz a Ivana que sua m\u00e3e o insultou e a diz que se perder o trabalho por isso, revelar\u00e1 a todos que sua amante \u00e9 ela e n\u00e3o Valentina. Valentina surpreende Rodrigo saindo do quarto de sua prima e o diz que ele est\u00e1 terminantemente proibido de entrar em sua casa, e ainda mais vagar pelos quartos. Valentina diz a Ivana que n\u00e3o demitir\u00e1 Rodrigo para lavar sua honra, e que a prima deve saber com quem se mete.<\/p>\n<p>(*) edi\u00e7\u00e3o do SBT, Novela \u201cA Dona\u201d, sujeito a altera\u00e7\u00e3o de data e conte\u00fado.<\/p>\n<p>Destaques<\/p>\n<p>&#8220;A Dona&#8221; &#8211; Valentina Vila\u00e7a (Lucero) \u00e9 uma mulher que tem uma grande fortuna, que seus pais deixaram para ela quando morreram em um acidente de carro. Ela tem uma mans\u00e3o na Cidade do M\u00e9xico, onde vive com sua tia Isabel Rangel de Dorantes (Silvia Pinal), e sua prima Ivana Dorantes Rangel (Gabriela Spanic) que trata Valentina com muita indiferen\u00e7a e sente inveja dela.<\/p>\n<p>Tudo muda para Valentina quando seu noivo Alonso Penalva (David Zepeda), tramando com Ivana no dia de seu casamento, a deixa esperando no altar. A partir da\u00ed, Valentina se torna uma mulher amarga, e vai para sua fazenda, no interior. Chegando l\u00e1, ela conhece seu vizinho Jos\u00e9 Miguel Montesinos (Fernando Colunga).<\/p>\n","protected":false},"excerpt":{"rendered":"<p>Resumo da novela \u201cA Dona&#8221; em 11\/06: no cap\u00edtulo 052(*) da novela, ter\u00e7a-feira, 11 de junho, Gabriela diz a Isabel que viu Ivana e Rodrigo se beijando. Ivana, revoltada, diz a Isabel que ela deve acreditar em sua filha, e n\u00e3o nas mentiras de Gabriela. Isabel diz que n\u00e3o quer seguir nesse assunto e diz [&hellip;]<\/p>\n","protected":false},"author":4,"featured_media":173626,"comment_status":"open","ping_status":"closed","sticky":false,"template":"","format":"standard","meta":{"_genesis_hide_title":false,"_genesis_hide_breadcrumbs":false,"_genesis_hide_singular_image":false,"_genesis_hide_footer_widgets":false,"_genesis_custom_body_class":"","_genesis_custom_post_class":"","_genesis_layout":"","_jetpack_memberships_contains_paid_content":false,"footnotes":""},"categories":[379,372,343],"tags":[441],"class_list":{"0":"post-177375","1":"post","2":"type-post","3":"status-publish","4":"format-standard","5":"has-post-thumbnail","7":"category-novelas","8":"category-sbt","9":"category-televisao","10":"tag-resumo-do-dia","11":"entry","12":"gs-1","13":"gs-odd","14":"gs-even","15":"gs-featured-content-entry"},"jetpack_featured_media_url":"https:\/\/www.redenoticia.com.br\/noticia\/imagens\/a-dona-03.jpg","jetpack_sharing_enabled":true,"jetpack_likes_enabled":true,"_links":{"self":[{"href":"https:\/\/www.redenoticia.com.br\/noticia\/wp-json\/wp\/v2\/posts\/177375","targetHints":{"allow":["GET"]}}],"collection":[{"href":"https:\/\/www.redenoticia.com.br\/noticia\/wp-json\/wp\/v2\/posts"}],"about":[{"href":"https:\/\/www.redenoticia.com.br\/noticia\/wp-json\/wp\/v2\/types\/post"}],"author":[{"embeddable":true,"href":"https:\/\/www.redenoticia.com.br\/noticia\/wp-json\/wp\/v2\/users\/4"}],"replies":[{"embeddable":true,"href":"https:\/\/www.redenoticia.com.br\/noticia\/wp-json\/wp\/v2\/comments?post=177375"}],"version-history":[{"count":0,"href":"https:\/\/www.redenoticia.com.br\/noticia\/wp-json\/wp\/v2\/posts\/177375\/revisions"}],"wp:featuredmedia":[{"embeddable":true,"href":"https:\/\/www.redenoticia.com.br\/noticia\/wp-json\/wp\/v2\/media\/173626"}],"wp:attachment":[{"href":"https:\/\/www.redenoticia.com.br\/noticia\/wp-json\/wp\/v2\/media?parent=177375"}],"wp:term":[{"taxonomy":"category","embeddable":true,"href":"https:\/\/www.redenoticia.com.br\/noticia\/wp-json\/wp\/v2\/categories?post=177375"},{"taxonomy":"post_tag","embeddable":true,"href":"https:\/\/www.redenoticia.com.br\/noticia\/wp-json\/wp\/v2\/tags?post=177375"}],"curies":[{"name":"wp","href":"https:\/\/api.w.org\/{rel}","templated":true}]}}