{"id":177153,"date":"2019-06-05T15:54:38","date_gmt":"2019-06-05T18:54:38","guid":{"rendered":"https:\/\/www.redenoticia.com.br\/noticia\/?p=177153"},"modified":"2019-06-05T15:54:47","modified_gmt":"2019-06-05T18:54:47","slug":"resumo-novela-a-dona-06-06-ivana-esbofeteia-rodrigo","status":"publish","type":"post","link":"https:\/\/www.redenoticia.com.br\/noticia\/2019\/resumo-novela-a-dona-06-06-ivana-esbofeteia-rodrigo\/177153","title":{"rendered":"Resumo novela \u201cA Dona\u201d 06\/06: Ivana esbofeteia Rodrigo"},"content":{"rendered":"<p><img loading=\"lazy\" decoding=\"async\" class=\"aligncenter size-large wp-image-173633\" src=\"https:\/\/www.redenoticia.com.br\/noticia\/imagens\/a-dona-270x300.jpg\" alt=\"\" width=\"270\" height=\"300\" srcset=\"https:\/\/www.redenoticia.com.br\/noticia\/imagens\/a-dona-270x300.jpg 270w, https:\/\/www.redenoticia.com.br\/noticia\/imagens\/a-dona-168x187.jpg 168w, https:\/\/www.redenoticia.com.br\/noticia\/imagens\/a-dona.jpg 380w\" sizes=\"auto, (max-width: 270px) 100vw, 270px\" \/>Resumo da novela <strong><em>\u201cA Dona&#8221;<\/em><\/strong> em 06\/06: no cap\u00edtulo 049(*) da novela, quinta-feira, 06 de junho, Ivana, sarc\u00e1stica, diz que espera que desta vez ela abra os olhos, porque j\u00e1 sabe o que acontece com quem acredita fielmente em um homem. Leonor diz a Jos\u00e9 Miguel que talvez Rodrigo e Valentina realmente sejam amantes. Jos\u00e9 Miguel responde que isso \u00e9 uma grande mentira e que n\u00e3o tem medo de enfrentar Rodrigo. Valentina diz a Benita que tem se dado conta que n\u00e3o sabe nada da vida de Jos\u00e9 Miguel, e que Ivana tem dito umas coisas que a tem feito raciocinar a respeito dessa entrega dela na rela\u00e7\u00e3o.<\/p>\n<p>Benita diz a Valentina que tudo o que Ivana diz \u00e9 provavelmente uma mentira, e que ela n\u00e3o deve crer nas intrigas da prima. O delegado Toledo diz a N\u00e1dia, vi\u00fava de Oscar Ampudia, que n\u00e3o foram encontrados elementos que indiquem Alonso como o assassino de seu marido, e que os motivos para que Alonso tenha fugido do pa\u00eds ainda s\u00e3o desconhecidos para a pol\u00edcia. Cristina diz a Amparo que deixou o trabalho com o padre porque descobriu que Valentina \u00e9 quem ia a pagar pelos seus servi\u00e7os. Ivana esbofeteia Rodrigo e diz que o advertiu que n\u00e3o permitiria que ele tocasse em Jos\u00e9 Miguel.<\/p>\n<p>Rodrigo devolve a bofetada e diz que demonstrar\u00e1 que ele \u00e9 um homem e n\u00e3o um garoto, como os que Ivana est\u00e1 acostumada a lidar. Rodrigo completa dizendo que Jos\u00e9 Miguel est\u00e1 certo em rejeit\u00e1-la. Alonso pede a Gabriela que fa\u00e7a chegar a Valentina uma carta sua, pois ele precisa falar com ela com urg\u00eancia, mas ela n\u00e3o responde suas tentativas pessoais. Valentina pede a Cristina que a diga porque abandonou o trabalho, e o que teria de mal se ela o pagasse o sal\u00e1rio. Cristina responde que n\u00e3o poderia aceitar nada da mulher que lhe roubou seu homem.<\/p>\n<p>(*) edi\u00e7\u00e3o do SBT, Novela \u201cA Dona\u201d, sujeito a altera\u00e7\u00e3o de data e conte\u00fado.<\/p>\n<p>Destaques<\/p>\n<p>&#8220;A Dona&#8221; &#8211; Valentina Vila\u00e7a (Lucero) \u00e9 uma mulher que tem uma grande fortuna, que seus pais deixaram para ela quando morreram em um acidente de carro. Ela tem uma mans\u00e3o na Cidade do M\u00e9xico, onde vive com sua tia Isabel Rangel de Dorantes (Silvia Pinal), e sua prima Ivana Dorantes Rangel (Gabriela Spanic) que trata Valentina com muita indiferen\u00e7a e sente inveja dela.<\/p>\n<p>Tudo muda para Valentina quando seu noivo Alonso Penalva (David Zepeda), tramando com Ivana no dia de seu casamento, a deixa esperando no altar. A partir da\u00ed, Valentina se torna uma mulher amarga, e vai para sua fazenda, no interior. Chegando l\u00e1, ela conhece seu vizinho Jos\u00e9 Miguel Montesinos (Fernando Colunga).<\/p>\n","protected":false},"excerpt":{"rendered":"<p>Resumo da novela \u201cA Dona&#8221; em 06\/06: no cap\u00edtulo 049(*) da novela, quinta-feira, 06 de junho, Ivana, sarc\u00e1stica, diz que espera que desta vez ela abra os olhos, porque j\u00e1 sabe o que acontece com quem acredita fielmente em um homem. Leonor diz a Jos\u00e9 Miguel que talvez Rodrigo e Valentina realmente sejam amantes. Jos\u00e9 [&hellip;]<\/p>\n","protected":false},"author":4,"featured_media":173626,"comment_status":"open","ping_status":"closed","sticky":false,"template":"","format":"standard","meta":{"_genesis_hide_title":false,"_genesis_hide_breadcrumbs":false,"_genesis_hide_singular_image":false,"_genesis_hide_footer_widgets":false,"_genesis_custom_body_class":"","_genesis_custom_post_class":"","_genesis_layout":"","_jetpack_memberships_contains_paid_content":false,"footnotes":""},"categories":[379,372,343],"tags":[441],"class_list":{"0":"post-177153","1":"post","2":"type-post","3":"status-publish","4":"format-standard","5":"has-post-thumbnail","7":"category-novelas","8":"category-sbt","9":"category-televisao","10":"tag-resumo-do-dia","11":"entry","12":"gs-1","13":"gs-odd","14":"gs-even","15":"gs-featured-content-entry"},"jetpack_featured_media_url":"https:\/\/www.redenoticia.com.br\/noticia\/imagens\/a-dona-03.jpg","jetpack_sharing_enabled":true,"jetpack_likes_enabled":true,"_links":{"self":[{"href":"https:\/\/www.redenoticia.com.br\/noticia\/wp-json\/wp\/v2\/posts\/177153","targetHints":{"allow":["GET"]}}],"collection":[{"href":"https:\/\/www.redenoticia.com.br\/noticia\/wp-json\/wp\/v2\/posts"}],"about":[{"href":"https:\/\/www.redenoticia.com.br\/noticia\/wp-json\/wp\/v2\/types\/post"}],"author":[{"embeddable":true,"href":"https:\/\/www.redenoticia.com.br\/noticia\/wp-json\/wp\/v2\/users\/4"}],"replies":[{"embeddable":true,"href":"https:\/\/www.redenoticia.com.br\/noticia\/wp-json\/wp\/v2\/comments?post=177153"}],"version-history":[{"count":0,"href":"https:\/\/www.redenoticia.com.br\/noticia\/wp-json\/wp\/v2\/posts\/177153\/revisions"}],"wp:featuredmedia":[{"embeddable":true,"href":"https:\/\/www.redenoticia.com.br\/noticia\/wp-json\/wp\/v2\/media\/173626"}],"wp:attachment":[{"href":"https:\/\/www.redenoticia.com.br\/noticia\/wp-json\/wp\/v2\/media?parent=177153"}],"wp:term":[{"taxonomy":"category","embeddable":true,"href":"https:\/\/www.redenoticia.com.br\/noticia\/wp-json\/wp\/v2\/categories?post=177153"},{"taxonomy":"post_tag","embeddable":true,"href":"https:\/\/www.redenoticia.com.br\/noticia\/wp-json\/wp\/v2\/tags?post=177153"}],"curies":[{"name":"wp","href":"https:\/\/api.w.org\/{rel}","templated":true}]}}