{"id":177096,"date":"2019-06-04T14:51:23","date_gmt":"2019-06-04T17:51:23","guid":{"rendered":"https:\/\/www.redenoticia.com.br\/noticia\/?p=177096"},"modified":"2019-06-04T14:51:29","modified_gmt":"2019-06-04T17:51:29","slug":"resumo-novela-a-que-nao-podia-amar-05-06-gustavo-pede-ana-em-casamento","status":"publish","type":"post","link":"https:\/\/www.redenoticia.com.br\/noticia\/2019\/resumo-novela-a-que-nao-podia-amar-05-06-gustavo-pede-ana-em-casamento\/177096","title":{"rendered":"Resumo novela \u201cA Que N\u00e3o Podia Amar\u201d 05\/06: Gustavo pede Ana em casamento"},"content":{"rendered":"<p><strong><em><img loading=\"lazy\" decoding=\"async\" class=\"aligncenter size-large wp-image-173635\" src=\"https:\/\/www.redenoticia.com.br\/noticia\/imagens\/a-que-nao-podia-amar-400x271.jpg\" alt=\"\" width=\"400\" height=\"271\" srcset=\"https:\/\/www.redenoticia.com.br\/noticia\/imagens\/a-que-nao-podia-amar-400x271.jpg 400w, https:\/\/www.redenoticia.com.br\/noticia\/imagens\/a-que-nao-podia-amar-250x169.jpg 250w, https:\/\/www.redenoticia.com.br\/noticia\/imagens\/a-que-nao-podia-amar-560x379.jpg 560w, https:\/\/www.redenoticia.com.br\/noticia\/imagens\/a-que-nao-podia-amar.jpg 620w\" sizes=\"auto, (max-width: 400px) 100vw, 400px\" \/><\/em><\/strong><\/p>\n<p>Resumo da novela<strong><em> \u201cA Que N\u00e3o Podia Amar\u201d&nbsp;<\/em><\/strong> em 05\/06: no cap\u00edtulo 043(*) da novela, quarta-feira, 05 de junho, Ana Paula e Gustavo decidem dar-se uma nova oportunidade e come\u00e7ar do zero, deixando o passado de ambos para tr\u00e1s. Frederico avisa a Rosaura que assim que chegar a Tuxtla, vai tomar as provid\u00eancias para reconhecer Ana Paula legalmente como filha e lhe dar seu sobrenome. C\u00edntia chora porque Gustavo lhe disse que n\u00e3o a amava, Elias diz que ele sim a ama e todos os homens que a desprezam s\u00e3o tontos, ela o beija.<\/p>\n<p>C\u00edntia diz a Vanessa que terminou com Gustavo. Gustavo d\u00e1 um anel para Ana Paula e comenta que quando ela estiver divorciada, quer se casar om ela. Ela aceita o pedido. Ana Paula adverte a Gustavo que o homem com quem se casou \u00e9 poderoso, este lhe diz que n\u00e3o lhe importa lutar contra quem seja para defender seu amor. Rosaura confessa a Frederico que ele foi o \u00fanico homem que ela amou durante toda sua vida, este se surpreende.<\/p>\n<p>(*) edi\u00e7\u00e3o do SBT, Novela \u201cA Que N\u00e3o Podia Amar\u201d, sujeito a altera\u00e7\u00e3o de data e conte\u00fado.<\/p>\n<p>Destaques<\/p>\n<p>&#8220;A Que N\u00e3o Podia Amar&#8221;- Ana Paula, uma enfermeira humilde que se v\u00ea obrigada a trabalhar na casa de Rog\u00e9rio Montero (Jorge Salinas), um homem amargurado. Rog\u00e9rio sofre por ser parapl\u00e9gico e destrata todas as pessoas. Ana Paula atura tudo calada e o rica\u00e7o se apaixona por ela.<\/p>\n<p>Ana conhece Gustavo Duran (Jos\u00e9 Ron), um engenheiro nobre e trabalhador. Os dois se apaixonam, mas ter\u00e3o de enfrentar Rog\u00e9rio, j\u00e1 que ele tamb\u00e9m gosta da mocinha, formando assim, um tri\u00e2ngulo amoroso com terr\u00edveis consequ\u00eancias.<\/p>\n","protected":false},"excerpt":{"rendered":"<p>Resumo da novela \u201cA Que N\u00e3o Podia Amar\u201d&nbsp; em 05\/06: no cap\u00edtulo 043(*) da novela, quarta-feira, 05 de junho, Ana Paula e Gustavo decidem dar-se uma nova oportunidade e come\u00e7ar do zero, deixando o passado de ambos para tr\u00e1s. Frederico avisa a Rosaura que assim que chegar a Tuxtla, vai tomar as provid\u00eancias para reconhecer [&hellip;]<\/p>\n","protected":false},"author":4,"featured_media":173627,"comment_status":"open","ping_status":"closed","sticky":false,"template":"","format":"standard","meta":{"_genesis_hide_title":false,"_genesis_hide_breadcrumbs":false,"_genesis_hide_singular_image":false,"_genesis_hide_footer_widgets":false,"_genesis_custom_body_class":"","_genesis_custom_post_class":"","_genesis_layout":"","_jetpack_memberships_contains_paid_content":false,"footnotes":""},"categories":[379,372,343],"tags":[441],"class_list":{"0":"post-177096","1":"post","2":"type-post","3":"status-publish","4":"format-standard","5":"has-post-thumbnail","7":"category-novelas","8":"category-sbt","9":"category-televisao","10":"tag-resumo-do-dia","11":"entry","12":"gs-1","13":"gs-odd","14":"gs-even","15":"gs-featured-content-entry"},"jetpack_featured_media_url":"https:\/\/www.redenoticia.com.br\/noticia\/imagens\/a-que-nao-podia-amar-sbt-01.jpg","jetpack_sharing_enabled":true,"jetpack_likes_enabled":true,"_links":{"self":[{"href":"https:\/\/www.redenoticia.com.br\/noticia\/wp-json\/wp\/v2\/posts\/177096","targetHints":{"allow":["GET"]}}],"collection":[{"href":"https:\/\/www.redenoticia.com.br\/noticia\/wp-json\/wp\/v2\/posts"}],"about":[{"href":"https:\/\/www.redenoticia.com.br\/noticia\/wp-json\/wp\/v2\/types\/post"}],"author":[{"embeddable":true,"href":"https:\/\/www.redenoticia.com.br\/noticia\/wp-json\/wp\/v2\/users\/4"}],"replies":[{"embeddable":true,"href":"https:\/\/www.redenoticia.com.br\/noticia\/wp-json\/wp\/v2\/comments?post=177096"}],"version-history":[{"count":0,"href":"https:\/\/www.redenoticia.com.br\/noticia\/wp-json\/wp\/v2\/posts\/177096\/revisions"}],"wp:featuredmedia":[{"embeddable":true,"href":"https:\/\/www.redenoticia.com.br\/noticia\/wp-json\/wp\/v2\/media\/173627"}],"wp:attachment":[{"href":"https:\/\/www.redenoticia.com.br\/noticia\/wp-json\/wp\/v2\/media?parent=177096"}],"wp:term":[{"taxonomy":"category","embeddable":true,"href":"https:\/\/www.redenoticia.com.br\/noticia\/wp-json\/wp\/v2\/categories?post=177096"},{"taxonomy":"post_tag","embeddable":true,"href":"https:\/\/www.redenoticia.com.br\/noticia\/wp-json\/wp\/v2\/tags?post=177096"}],"curies":[{"name":"wp","href":"https:\/\/api.w.org\/{rel}","templated":true}]}}