{"id":177094,"date":"2019-06-04T14:50:01","date_gmt":"2019-06-04T17:50:01","guid":{"rendered":"https:\/\/www.redenoticia.com.br\/noticia\/?p=177094"},"modified":"2019-06-04T14:50:11","modified_gmt":"2019-06-04T17:50:11","slug":"resumo-novela-a-dona-05-06-rodrigo-manda-filadelfo-agredir-jose-miguel","status":"publish","type":"post","link":"https:\/\/www.redenoticia.com.br\/noticia\/2019\/resumo-novela-a-dona-05-06-rodrigo-manda-filadelfo-agredir-jose-miguel\/177094","title":{"rendered":"Resumo novela \u201cA Dona\u201d 05\/06: Rodrigo manda Filadelfo agredir Jos\u00e9 Miguel"},"content":{"rendered":"<p><img loading=\"lazy\" decoding=\"async\" class=\"aligncenter size-large wp-image-173633\" src=\"https:\/\/www.redenoticia.com.br\/noticia\/imagens\/a-dona-270x300.jpg\" alt=\"\" width=\"270\" height=\"300\" srcset=\"https:\/\/www.redenoticia.com.br\/noticia\/imagens\/a-dona-270x300.jpg 270w, https:\/\/www.redenoticia.com.br\/noticia\/imagens\/a-dona-168x187.jpg 168w, https:\/\/www.redenoticia.com.br\/noticia\/imagens\/a-dona.jpg 380w\" sizes=\"auto, (max-width: 270px) 100vw, 270px\" \/>Resumo da novela <strong><em>\u201cA Dona&#8221;<\/em><\/strong> em 05\/06: no cap\u00edtulo 048(*) da novela, quarta-feira, 05 de junho, Sandra diz a seu pai que em uma ocasi\u00e3o insultou Valentina pensando que ela andava atr\u00e1s de Hor\u00e1cio, e que Felipe a pediu que se desculpasse. Henriqueta, que escuta tudo atr\u00e1s da porta, interrompe a conversa e diz que sua filha n\u00e3o tem que se rebaixar. Moises pede a Sandra que siga sua consci\u00eancia. Jos\u00e9 Miguel convida Valentina para passear pelo povoado e diz que quer que todos vejam que eles s\u00e3o namorados, j\u00e1 que ela \u00e9 a mulher mais bonita de todas por ali. Ivana os observa, furiosa. Rodrigo diz ao Padre Ventura querer se confessar. Ele confessa que \u00e9 o assassino de L\u00e1zaro, que violentou Maria da Luz e provocou o aborto de Cristina, mas n\u00e3o se arrepende de nada.<\/p>\n<p>Rodrigo ordena a Filadelfo que agrida Jos\u00e9 Miguel. Sandra se desculpa com Valentina e diz que estava errada sobre ela, pois a v\u00edbora, na verdade, \u00e9 Ivana. Teresa e Jesus encontram Jos\u00e9 Miguel inconsciente. O menino corre para avisar seu pai e diz que o homem que agrediu Jos\u00e9 com certeza n\u00e3o tinha a inten\u00e7\u00e3o de mat\u00e1-lo, apenas assust\u00e1-lo. Valentina diz a Benita que Sandra foi se desculpar com ela, e que agora sabe que na verdade a amante de Hor\u00e1cio sempre foi Ivana. Benita diz a Valentina estar certa que a hist\u00f3ria da aposta foi uma inven\u00e7\u00e3o de Ivana em parceria com Leonor.<\/p>\n<p>Henriqueta diz a Sandra que Ivana est\u00e1 muito sentida, pois a filha j\u00e1 n\u00e3o procura mais a amiga. Sandra responde que Ivana \u00e9 uma hip\u00f3crita, e que ela n\u00e3o pode esperar mesmo amizade de sua parte, pois Ivana se juntou a Hor\u00e1cio. Valentina, ao saber que Jos\u00e9 Miguel foi agredido, corre para ajud\u00e1-lo. Eles se encontram e se beijam. Ivana diz a Valentina que se ela confia tanto em Jos\u00e9 Miguel, devia saber que ele estudava para ser padre, e que o expulsaram da ordem religiosa por terem o encontrado com uma prostituta.<\/p>\n<p>(*) edi\u00e7\u00e3o do SBT, Novela \u201cA Dona\u201d, sujeito a altera\u00e7\u00e3o de data e conte\u00fado.<\/p>\n<p>Destaques<\/p>\n<p>&#8220;A Dona&#8221; &#8211; Valentina Vila\u00e7a (Lucero) \u00e9 uma mulher que tem uma grande fortuna, que seus pais deixaram para ela quando morreram em um acidente de carro. Ela tem uma mans\u00e3o na Cidade do M\u00e9xico, onde vive com sua tia Isabel Rangel de Dorantes (Silvia Pinal), e sua prima Ivana Dorantes Rangel (Gabriela Spanic) que trata Valentina com muita indiferen\u00e7a e sente inveja dela.<\/p>\n<p>Tudo muda para Valentina quando seu noivo Alonso Penalva (David Zepeda), tramando com Ivana no dia de seu casamento, a deixa esperando no altar. A partir da\u00ed, Valentina se torna uma mulher amarga, e vai para sua fazenda, no interior. Chegando l\u00e1, ela conhece seu vizinho Jos\u00e9 Miguel Montesinos (Fernando Colunga).<\/p>\n","protected":false},"excerpt":{"rendered":"<p>Resumo da novela \u201cA Dona&#8221; em 05\/06: no cap\u00edtulo 048(*) da novela, quarta-feira, 05 de junho, Sandra diz a seu pai que em uma ocasi\u00e3o insultou Valentina pensando que ela andava atr\u00e1s de Hor\u00e1cio, e que Felipe a pediu que se desculpasse. Henriqueta, que escuta tudo atr\u00e1s da porta, interrompe a conversa e diz que [&hellip;]<\/p>\n","protected":false},"author":4,"featured_media":173626,"comment_status":"open","ping_status":"closed","sticky":false,"template":"","format":"standard","meta":{"_genesis_hide_title":false,"_genesis_hide_breadcrumbs":false,"_genesis_hide_singular_image":false,"_genesis_hide_footer_widgets":false,"_genesis_custom_body_class":"","_genesis_custom_post_class":"","_genesis_layout":"","_jetpack_memberships_contains_paid_content":false,"footnotes":""},"categories":[379,372,343],"tags":[441],"class_list":{"0":"post-177094","1":"post","2":"type-post","3":"status-publish","4":"format-standard","5":"has-post-thumbnail","7":"category-novelas","8":"category-sbt","9":"category-televisao","10":"tag-resumo-do-dia","11":"entry","12":"gs-1","13":"gs-odd","14":"gs-even","15":"gs-featured-content-entry"},"jetpack_featured_media_url":"https:\/\/www.redenoticia.com.br\/noticia\/imagens\/a-dona-03.jpg","jetpack_sharing_enabled":true,"jetpack_likes_enabled":true,"_links":{"self":[{"href":"https:\/\/www.redenoticia.com.br\/noticia\/wp-json\/wp\/v2\/posts\/177094","targetHints":{"allow":["GET"]}}],"collection":[{"href":"https:\/\/www.redenoticia.com.br\/noticia\/wp-json\/wp\/v2\/posts"}],"about":[{"href":"https:\/\/www.redenoticia.com.br\/noticia\/wp-json\/wp\/v2\/types\/post"}],"author":[{"embeddable":true,"href":"https:\/\/www.redenoticia.com.br\/noticia\/wp-json\/wp\/v2\/users\/4"}],"replies":[{"embeddable":true,"href":"https:\/\/www.redenoticia.com.br\/noticia\/wp-json\/wp\/v2\/comments?post=177094"}],"version-history":[{"count":0,"href":"https:\/\/www.redenoticia.com.br\/noticia\/wp-json\/wp\/v2\/posts\/177094\/revisions"}],"wp:featuredmedia":[{"embeddable":true,"href":"https:\/\/www.redenoticia.com.br\/noticia\/wp-json\/wp\/v2\/media\/173626"}],"wp:attachment":[{"href":"https:\/\/www.redenoticia.com.br\/noticia\/wp-json\/wp\/v2\/media?parent=177094"}],"wp:term":[{"taxonomy":"category","embeddable":true,"href":"https:\/\/www.redenoticia.com.br\/noticia\/wp-json\/wp\/v2\/categories?post=177094"},{"taxonomy":"post_tag","embeddable":true,"href":"https:\/\/www.redenoticia.com.br\/noticia\/wp-json\/wp\/v2\/tags?post=177094"}],"curies":[{"name":"wp","href":"https:\/\/api.w.org\/{rel}","templated":true}]}}