{"id":177050,"date":"2019-06-03T16:02:47","date_gmt":"2019-06-03T19:02:47","guid":{"rendered":"https:\/\/www.redenoticia.com.br\/noticia\/?p=177050"},"modified":"2019-06-03T16:02:53","modified_gmt":"2019-06-03T19:02:53","slug":"resumo-novela-verao-90-04-06-mercedes-humilha-jeronimo-que-jura-vinganca","status":"publish","type":"post","link":"https:\/\/www.redenoticia.com.br\/noticia\/2019\/resumo-novela-verao-90-04-06-mercedes-humilha-jeronimo-que-jura-vinganca\/177050","title":{"rendered":"Resumo novela \u201cVer\u00e3o 90\u201d 04\/06: Mercedes humilha Jer\u00f4nimo que jura vingan\u00e7a"},"content":{"rendered":"<p><em><strong><img loading=\"lazy\" decoding=\"async\" class=\"aligncenter size-large wp-image-167197\" src=\"https:\/\/www.redenoticia.com.br\/noticia\/imagens\/verao-90-001-299x300.jpg\" alt=\"\" width=\"299\" height=\"300\" srcset=\"https:\/\/www.redenoticia.com.br\/noticia\/imagens\/verao-90-001-299x300.jpg 299w, https:\/\/www.redenoticia.com.br\/noticia\/imagens\/verao-90-001-186x187.jpg 186w, https:\/\/www.redenoticia.com.br\/noticia\/imagens\/verao-90-001-560x562.jpg 560w, https:\/\/www.redenoticia.com.br\/noticia\/imagens\/verao-90-001.jpg 614w\" sizes=\"auto, (max-width: 299px) 100vw, 299px\" \/>Resumo novela \u201cVer\u00e3o 90\u201d 04\/06 <\/strong><\/em> : no cap\u00edtulo 109(*) da novela, resumo ter\u00e7a-feira, 04 de junho, Jer\u00f4nimo e Jo\u00e3o se agridem no placo e a briga \u00e9 transmitida pela tv. Mad\u00e1 tem uma vis\u00e3o com os filhos de Jana\u00edna. Jer\u00f4nimo denuncia Jo\u00e3o por ter usado nome falso. Mercedes humilha Jer\u00f4nimo. Jo\u00e3o faz um discurso, emocionando todos da plateia.<\/p>\n<p>Tob\u00e9 visita Cand\u00e9 na pris\u00e3o. Mercedes promete a Jana\u00edna que n\u00e3o prejudicar\u00e1 Jo\u00e3o, em troca de seu afastamento de Herculano. Diego avisa a Larissa que Cand\u00e9 ser\u00e1 solto. Jer\u00f4nimo comunica a Vanessa que se vingar\u00e1 de Jo\u00e3o, Manu e dos Ferreira Lima.<\/p>\n<p>(*) edi\u00e7\u00e3o da Rede Globo, Novela \u201cVer\u00e3o 90\u201d, sujeito a altera\u00e7\u00e3o de data e conte\u00fado.<\/p>\n<p>Sinopse \u201cVer\u00e3o 90\u201d: O Rio de Janeiro da d\u00e9cada de 1990, a cultura efervescente da \u00e9poca, os acontecimentos sociais e pol\u00edticos, a m\u00fasica e a moda est\u00e3o presentes em \u2018Ver\u00e3o 90\u2019, uma com\u00e9dia rom\u00e2ntica, solar e musical, escrita por Izabel de Oliveira e Paula Amaral, com dire\u00e7\u00e3o art\u00edstica de Jorge Fernando. A pr\u00f3xima novela das sete vai mostrar a trajet\u00f3ria de tr\u00eas ex-astros mirins e suas m\u00e3es batalhadoras, Lidiane (Claudia Raia) e Jana\u00edna (Dira Paes), cada uma a seu modo. A previs\u00e3o de estreia \u00e9 para o in\u00edcio de 2019. A hist\u00f3ria rom\u00e2ntica e musical que tem como protagonistas o trio Jo\u00e3o (Jo\u00e3o Bravo\/Rafael Vitti), Manuzita (Melissa N\u00f3brega\/Isabelle Drummond) e Jer\u00f4nimo (Diogo Caruso\/Jesu\u00edta Barbosa).<\/p>\n","protected":false},"excerpt":{"rendered":"<p>Resumo novela \u201cVer\u00e3o 90\u201d 04\/06 : no cap\u00edtulo 109(*) da novela, resumo ter\u00e7a-feira, 04 de junho, Jer\u00f4nimo e Jo\u00e3o se agridem no placo e a briga \u00e9 transmitida pela tv. Mad\u00e1 tem uma vis\u00e3o com os filhos de Jana\u00edna. Jer\u00f4nimo denuncia Jo\u00e3o por ter usado nome falso. Mercedes humilha Jer\u00f4nimo. Jo\u00e3o faz um discurso, emocionando [&hellip;]<\/p>\n","protected":false},"author":4,"featured_media":167198,"comment_status":"open","ping_status":"closed","sticky":false,"template":"","format":"standard","meta":{"_genesis_hide_title":false,"_genesis_hide_breadcrumbs":false,"_genesis_hide_singular_image":false,"_genesis_hide_footer_widgets":false,"_genesis_custom_body_class":"","_genesis_custom_post_class":"","_genesis_layout":"","_jetpack_memberships_contains_paid_content":false,"footnotes":""},"categories":[379,375,343,536],"tags":[441],"class_list":{"0":"post-177050","1":"post","2":"type-post","3":"status-publish","4":"format-standard","5":"has-post-thumbnail","7":"category-novelas","8":"category-rede-globo","9":"category-televisao","10":"category-verao-90","11":"tag-resumo-do-dia","12":"entry","13":"gs-1","14":"gs-odd","15":"gs-even","16":"gs-featured-content-entry"},"jetpack_featured_media_url":"https:\/\/www.redenoticia.com.br\/noticia\/imagens\/verao-90-resumo-globo-capitulos.jpg","jetpack_sharing_enabled":true,"jetpack_likes_enabled":true,"_links":{"self":[{"href":"https:\/\/www.redenoticia.com.br\/noticia\/wp-json\/wp\/v2\/posts\/177050","targetHints":{"allow":["GET"]}}],"collection":[{"href":"https:\/\/www.redenoticia.com.br\/noticia\/wp-json\/wp\/v2\/posts"}],"about":[{"href":"https:\/\/www.redenoticia.com.br\/noticia\/wp-json\/wp\/v2\/types\/post"}],"author":[{"embeddable":true,"href":"https:\/\/www.redenoticia.com.br\/noticia\/wp-json\/wp\/v2\/users\/4"}],"replies":[{"embeddable":true,"href":"https:\/\/www.redenoticia.com.br\/noticia\/wp-json\/wp\/v2\/comments?post=177050"}],"version-history":[{"count":0,"href":"https:\/\/www.redenoticia.com.br\/noticia\/wp-json\/wp\/v2\/posts\/177050\/revisions"}],"wp:featuredmedia":[{"embeddable":true,"href":"https:\/\/www.redenoticia.com.br\/noticia\/wp-json\/wp\/v2\/media\/167198"}],"wp:attachment":[{"href":"https:\/\/www.redenoticia.com.br\/noticia\/wp-json\/wp\/v2\/media?parent=177050"}],"wp:term":[{"taxonomy":"category","embeddable":true,"href":"https:\/\/www.redenoticia.com.br\/noticia\/wp-json\/wp\/v2\/categories?post=177050"},{"taxonomy":"post_tag","embeddable":true,"href":"https:\/\/www.redenoticia.com.br\/noticia\/wp-json\/wp\/v2\/tags?post=177050"}],"curies":[{"name":"wp","href":"https:\/\/api.w.org\/{rel}","templated":true}]}}