{"id":177036,"date":"2019-06-03T15:53:11","date_gmt":"2019-06-03T18:53:11","guid":{"rendered":"https:\/\/www.redenoticia.com.br\/noticia\/?p=177036"},"modified":"2019-06-03T15:53:19","modified_gmt":"2019-06-03T18:53:19","slug":"resumo-novela-a-dona-04-06-leonor-acusa-valentina-de-ser-amante-de-rodrigo","status":"publish","type":"post","link":"https:\/\/www.redenoticia.com.br\/noticia\/2019\/resumo-novela-a-dona-04-06-leonor-acusa-valentina-de-ser-amante-de-rodrigo\/177036","title":{"rendered":"Resumo novela \u201cA Dona\u201d 04\/06: Leonor acusa Valentina de ser amante de Rodrigo"},"content":{"rendered":"<p><img loading=\"lazy\" decoding=\"async\" class=\"aligncenter size-large wp-image-173633\" src=\"https:\/\/www.redenoticia.com.br\/noticia\/imagens\/a-dona-270x300.jpg\" alt=\"\" width=\"270\" height=\"300\" srcset=\"https:\/\/www.redenoticia.com.br\/noticia\/imagens\/a-dona-270x300.jpg 270w, https:\/\/www.redenoticia.com.br\/noticia\/imagens\/a-dona-168x187.jpg 168w, https:\/\/www.redenoticia.com.br\/noticia\/imagens\/a-dona.jpg 380w\" sizes=\"auto, (max-width: 270px) 100vw, 270px\" \/>Resumo da novela <strong><em>\u201cA Dona&#8221;<\/em><\/strong> em 04\/06: no cap\u00edtulo 047(*) da novela, ter\u00e7a-feira, 04 de junho, Leonor diz a Frederico que \u00e9 a primeira vez que ela presencia ele falando desse jeito, em tom de amea\u00e7a. Frederico responde que para defender seu filho \u00e9 capaz de tudo, porque Jos\u00e9 Miguel \u00e9 seu filho, ainda que n\u00e3o tenha seu sangue. Jos\u00e9 Miguel diz a Valentina que ela confia demais em Rodrigo, e que n\u00e3o gostaria mais de v\u00ea-la junto a esse homem todo o tempo. Leonor diz a Ivana que est\u00e1 decepcionada, pois enquanto falava maravilhas dela para Jos\u00e9 Miguel, ela saia justamente com o melhor amigo dele. Ivana responde que s\u00f3 o fez para deixar o caminho livre para Valentina, para que ela n\u00e3o se sentisse culpada pela situa\u00e7\u00e3o.<\/p>\n<p>Valentina diz a Ivana que nem ela nem Jos\u00e9 Miguel quiseram feri-la. Ivana, querendo fazer intriga, diz a Valentina que Jos\u00e9 Miguel preferiu a ela por seu dinheiro. Leonor, furiosa, reclama com Jos\u00e9 Miguel de seu noivado com Valentina e avisa que jamais a aceitar\u00e1, a menos que ele diga estar com ela apenas por precisar de uma esposa milion\u00e1ria para ajud\u00e1-lo a levantar a fazenda. Jos\u00e9 Miguel, furioso, responde que ama Valentina, e que n\u00e3o pensa em seu dinheiro. Ele diz para sua m\u00e3e que se ela se meter em sua rela\u00e7\u00e3o, se esquecer\u00e1 que ela \u00e9 quem \u00e9. Valentina conversa com Benita sobre Jos\u00e9 Miguel e diz que talvez tenha se apaixonado por ele desde o primeiro momento em que o viu.<\/p>\n<p>Leonor prop\u00f5e a Valentina vender lhe sua fazenda em troca de que ela se afaste de uma vez por todas de seu filho. Ela completa dizendo que n\u00e3o pode aceitar uma nora que tem como amante um capataz como Rodrigo. Valentina responde furiosa que isso \u00e9 uma cal\u00fania, que o \u00fanico homem que ama \u00e9 Jos\u00e9 Miguel, e que ningu\u00e9m nem nada poder\u00e1 separ\u00e1-los. Cristina recebe um bilhete an\u00f4nimo dizendo que Valentina e Rodrigo s\u00e3o amantes. Jesus fica feliz ao saber do compromisso de Jos\u00e9 Miguel e Valentina. Isabel sugere a Ivana que ela volte a capital. Ela diz que jamais deixar\u00e1 o caminho livre para Valentina, e que s\u00f3 voltar\u00e1 a cidade casada com Jos\u00e9 Miguel.<\/p>\n<p>(*) edi\u00e7\u00e3o do SBT, Novela \u201cA Dona\u201d, sujeito a altera\u00e7\u00e3o de data e conte\u00fado.<\/p>\n<p>Destaques<\/p>\n<p>&#8220;A Dona&#8221; &#8211; Valentina Vila\u00e7a (Lucero) \u00e9 uma mulher que tem uma grande fortuna, que seus pais deixaram para ela quando morreram em um acidente de carro. Ela tem uma mans\u00e3o na Cidade do M\u00e9xico, onde vive com sua tia Isabel Rangel de Dorantes (Silvia Pinal), e sua prima Ivana Dorantes Rangel (Gabriela Spanic) que trata Valentina com muita indiferen\u00e7a e sente inveja dela.<\/p>\n<p>Tudo muda para Valentina quando seu noivo Alonso Penalva (David Zepeda), tramando com Ivana no dia de seu casamento, a deixa esperando no altar. A partir da\u00ed, Valentina se torna uma mulher amarga, e vai para sua fazenda, no interior. Chegando l\u00e1, ela conhece seu vizinho Jos\u00e9 Miguel Montesinos (Fernando Colunga).<\/p>\n","protected":false},"excerpt":{"rendered":"<p>Resumo da novela \u201cA Dona&#8221; em 04\/06: no cap\u00edtulo 047(*) da novela, ter\u00e7a-feira, 04 de junho, Leonor diz a Frederico que \u00e9 a primeira vez que ela presencia ele falando desse jeito, em tom de amea\u00e7a. Frederico responde que para defender seu filho \u00e9 capaz de tudo, porque Jos\u00e9 Miguel \u00e9 seu filho, ainda que [&hellip;]<\/p>\n","protected":false},"author":4,"featured_media":173626,"comment_status":"open","ping_status":"closed","sticky":false,"template":"","format":"standard","meta":{"_genesis_hide_title":false,"_genesis_hide_breadcrumbs":false,"_genesis_hide_singular_image":false,"_genesis_hide_footer_widgets":false,"_genesis_custom_body_class":"","_genesis_custom_post_class":"","_genesis_layout":"","_jetpack_memberships_contains_paid_content":false,"footnotes":""},"categories":[379,372,343],"tags":[441],"class_list":{"0":"post-177036","1":"post","2":"type-post","3":"status-publish","4":"format-standard","5":"has-post-thumbnail","7":"category-novelas","8":"category-sbt","9":"category-televisao","10":"tag-resumo-do-dia","11":"entry","12":"gs-1","13":"gs-odd","14":"gs-even","15":"gs-featured-content-entry"},"jetpack_featured_media_url":"https:\/\/www.redenoticia.com.br\/noticia\/imagens\/a-dona-03.jpg","jetpack_sharing_enabled":true,"jetpack_likes_enabled":true,"_links":{"self":[{"href":"https:\/\/www.redenoticia.com.br\/noticia\/wp-json\/wp\/v2\/posts\/177036","targetHints":{"allow":["GET"]}}],"collection":[{"href":"https:\/\/www.redenoticia.com.br\/noticia\/wp-json\/wp\/v2\/posts"}],"about":[{"href":"https:\/\/www.redenoticia.com.br\/noticia\/wp-json\/wp\/v2\/types\/post"}],"author":[{"embeddable":true,"href":"https:\/\/www.redenoticia.com.br\/noticia\/wp-json\/wp\/v2\/users\/4"}],"replies":[{"embeddable":true,"href":"https:\/\/www.redenoticia.com.br\/noticia\/wp-json\/wp\/v2\/comments?post=177036"}],"version-history":[{"count":0,"href":"https:\/\/www.redenoticia.com.br\/noticia\/wp-json\/wp\/v2\/posts\/177036\/revisions"}],"wp:featuredmedia":[{"embeddable":true,"href":"https:\/\/www.redenoticia.com.br\/noticia\/wp-json\/wp\/v2\/media\/173626"}],"wp:attachment":[{"href":"https:\/\/www.redenoticia.com.br\/noticia\/wp-json\/wp\/v2\/media?parent=177036"}],"wp:term":[{"taxonomy":"category","embeddable":true,"href":"https:\/\/www.redenoticia.com.br\/noticia\/wp-json\/wp\/v2\/categories?post=177036"},{"taxonomy":"post_tag","embeddable":true,"href":"https:\/\/www.redenoticia.com.br\/noticia\/wp-json\/wp\/v2\/tags?post=177036"}],"curies":[{"name":"wp","href":"https:\/\/api.w.org\/{rel}","templated":true}]}}