{"id":176873,"date":"2019-05-30T14:48:05","date_gmt":"2019-05-30T17:48:05","guid":{"rendered":"https:\/\/www.redenoticia.com.br\/noticia\/?p=176873"},"modified":"2019-05-30T14:48:12","modified_gmt":"2019-05-30T17:48:12","slug":"resumo-novela-a-dona-31-05-maria-da-luz-defende-benita-de-ivana","status":"publish","type":"post","link":"https:\/\/www.redenoticia.com.br\/noticia\/2019\/resumo-novela-a-dona-31-05-maria-da-luz-defende-benita-de-ivana\/176873","title":{"rendered":"Resumo novela \u201cA Dona\u201d 31\/05:  Maria da Luz defende Benita de Ivana"},"content":{"rendered":"<p><img loading=\"lazy\" decoding=\"async\" class=\"aligncenter size-large wp-image-173633\" src=\"https:\/\/www.redenoticia.com.br\/noticia\/imagens\/a-dona-270x300.jpg\" alt=\"\" width=\"270\" height=\"300\" srcset=\"https:\/\/www.redenoticia.com.br\/noticia\/imagens\/a-dona-270x300.jpg 270w, https:\/\/www.redenoticia.com.br\/noticia\/imagens\/a-dona-168x187.jpg 168w, https:\/\/www.redenoticia.com.br\/noticia\/imagens\/a-dona.jpg 380w\" sizes=\"auto, (max-width: 270px) 100vw, 270px\" \/>Resumo da novela <strong><em>\u201cA Dona&#8221;<\/em><\/strong> em 31\/05: no cap\u00edtulo 045(*) da novela, sexta-feira, 31 de maio, Maria da Luz diz a Valentina que um tal de Alonso Penalva a procura. Valentina diz a Maria da Luz que se ele voltar a procur\u00e1-la, que o transfira imediatamente ao advogado Ernesto. Valentina devolve a Rodrigo o dinheiro que havia guardado para Cristina. Rodrigo pergunta a Valentina onde ela vai. Valentina responde que isso n\u00e3o \u00e9 assunto dele e pede que se ocupe de seu trabalho. Benita diz a Ivana que n\u00e3o sabia que ela era t\u00e3o amiga de Rodrigo, j\u00e1 que at\u00e9 estava o acariciando o rosto, e a recomenda cuidado, pois ela pode sair desta hist\u00f3ria bem ferida. Ivana responde que esse conselho ela deveria dar a Valentina, que sempre acredita no que todos dizem.<\/p>\n<p>Benita diz a Ivana que pensaria Jos\u00e9 Miguel de sua rela\u00e7\u00e3o com Oscar Ampudia, que era um homem casado e que terminou morto ap\u00f3s seu encontro com Ivana. Furiosa, Ivana pensa em esbofetear Benita, mas Maria da Luz aparece e grita a Ivana que se ela colocar a m\u00e3o em cima de Benita se ver\u00e1 com ela. Sandra diz a Hor\u00e1cio que j\u00e1 sabe que Ivana o deu algo que ela negou, ent\u00e3o fica nua em sua frente e diz que est\u00e1 disposta a tudo. Hor\u00e1cio a rejeita e Sandra afirma que logo Ivana tamb\u00e9m o trair\u00e1 com outro, que \u00e9 s\u00f3 quest\u00e3o dessa pessoa aparecer, pois essa \u00e9 a especialidade dela. Hor\u00e1cio diz a Jos\u00e9 Miguel que Sandra o fez sentir se muito mal, j\u00e1 que falou mal de Ivana. Jos\u00e9 Miguel responde que ele n\u00e3o deveria se importar mais com Ivana, j\u00e1 que a rela\u00e7\u00e3o deles terminou e ela o disse que est\u00e1 apaixonada por ele.<\/p>\n<p>(*) edi\u00e7\u00e3o do SBT, Novela \u201cA Dona\u201d, sujeito a altera\u00e7\u00e3o de data e conte\u00fado.<\/p>\n<p>Destaques<\/p>\n<p>&#8220;A Dona&#8221; &#8211; Valentina Vila\u00e7a (Lucero) \u00e9 uma mulher que tem uma grande fortuna, que seus pais deixaram para ela quando morreram em um acidente de carro. Ela tem uma mans\u00e3o na Cidade do M\u00e9xico, onde vive com sua tia Isabel Rangel de Dorantes (Silvia Pinal), e sua prima Ivana Dorantes Rangel (Gabriela Spanic) que trata Valentina com muita indiferen\u00e7a e sente inveja dela.<\/p>\n<p>Tudo muda para Valentina quando seu noivo Alonso Penalva (David Zepeda), tramando com Ivana no dia de seu casamento, a deixa esperando no altar. A partir da\u00ed, Valentina se torna uma mulher amarga, e vai para sua fazenda, no interior. Chegando l\u00e1, ela conhece seu vizinho Jos\u00e9 Miguel Montesinos (Fernando Colunga).<\/p>\n","protected":false},"excerpt":{"rendered":"<p>Resumo da novela \u201cA Dona&#8221; em 31\/05: no cap\u00edtulo 045(*) da novela, sexta-feira, 31 de maio, Maria da Luz diz a Valentina que um tal de Alonso Penalva a procura. Valentina diz a Maria da Luz que se ele voltar a procur\u00e1-la, que o transfira imediatamente ao advogado Ernesto. Valentina devolve a Rodrigo o dinheiro [&hellip;]<\/p>\n","protected":false},"author":4,"featured_media":173626,"comment_status":"open","ping_status":"closed","sticky":false,"template":"","format":"standard","meta":{"_genesis_hide_title":false,"_genesis_hide_breadcrumbs":false,"_genesis_hide_singular_image":false,"_genesis_hide_footer_widgets":false,"_genesis_custom_body_class":"","_genesis_custom_post_class":"","_genesis_layout":"","_jetpack_memberships_contains_paid_content":false,"footnotes":""},"categories":[379,372,343],"tags":[441],"class_list":{"0":"post-176873","1":"post","2":"type-post","3":"status-publish","4":"format-standard","5":"has-post-thumbnail","7":"category-novelas","8":"category-sbt","9":"category-televisao","10":"tag-resumo-do-dia","11":"entry","12":"gs-1","13":"gs-odd","14":"gs-even","15":"gs-featured-content-entry"},"jetpack_featured_media_url":"https:\/\/www.redenoticia.com.br\/noticia\/imagens\/a-dona-03.jpg","jetpack_sharing_enabled":true,"jetpack_likes_enabled":true,"_links":{"self":[{"href":"https:\/\/www.redenoticia.com.br\/noticia\/wp-json\/wp\/v2\/posts\/176873","targetHints":{"allow":["GET"]}}],"collection":[{"href":"https:\/\/www.redenoticia.com.br\/noticia\/wp-json\/wp\/v2\/posts"}],"about":[{"href":"https:\/\/www.redenoticia.com.br\/noticia\/wp-json\/wp\/v2\/types\/post"}],"author":[{"embeddable":true,"href":"https:\/\/www.redenoticia.com.br\/noticia\/wp-json\/wp\/v2\/users\/4"}],"replies":[{"embeddable":true,"href":"https:\/\/www.redenoticia.com.br\/noticia\/wp-json\/wp\/v2\/comments?post=176873"}],"version-history":[{"count":0,"href":"https:\/\/www.redenoticia.com.br\/noticia\/wp-json\/wp\/v2\/posts\/176873\/revisions"}],"wp:featuredmedia":[{"embeddable":true,"href":"https:\/\/www.redenoticia.com.br\/noticia\/wp-json\/wp\/v2\/media\/173626"}],"wp:attachment":[{"href":"https:\/\/www.redenoticia.com.br\/noticia\/wp-json\/wp\/v2\/media?parent=176873"}],"wp:term":[{"taxonomy":"category","embeddable":true,"href":"https:\/\/www.redenoticia.com.br\/noticia\/wp-json\/wp\/v2\/categories?post=176873"},{"taxonomy":"post_tag","embeddable":true,"href":"https:\/\/www.redenoticia.com.br\/noticia\/wp-json\/wp\/v2\/tags?post=176873"}],"curies":[{"name":"wp","href":"https:\/\/api.w.org\/{rel}","templated":true}]}}