{"id":176826,"date":"2019-05-29T16:24:54","date_gmt":"2019-05-29T19:24:54","guid":{"rendered":"https:\/\/www.redenoticia.com.br\/noticia\/?p=176826"},"modified":"2019-05-29T16:25:02","modified_gmt":"2019-05-29T19:25:02","slug":"resumo-novela-as-aventuras-de-poliana-30-05-filipa-coloca-as-roupas-de-deborah-para-doacao","status":"publish","type":"post","link":"https:\/\/www.redenoticia.com.br\/noticia\/2019\/resumo-novela-as-aventuras-de-poliana-30-05-filipa-coloca-as-roupas-de-deborah-para-doacao\/176826","title":{"rendered":"Resumo novela \u201cAs Aventuras de Poliana\u201d 30\/05: Filipa coloca as roupas de Deborah para doa\u00e7\u00e3o"},"content":{"rendered":"<p><strong><em><img loading=\"lazy\" decoding=\"async\" class=\"aligncenter size-large wp-image-148662\" src=\"https:\/\/www.redenoticia.com.br\/noticia\/imagens\/as-aventuras-de-poliana-novela-400x267.jpg\" alt=\"\" width=\"400\" height=\"267\" srcset=\"https:\/\/www.redenoticia.com.br\/noticia\/imagens\/as-aventuras-de-poliana-novela-400x267.jpg 400w, https:\/\/www.redenoticia.com.br\/noticia\/imagens\/as-aventuras-de-poliana-novela-250x167.jpg 250w, https:\/\/www.redenoticia.com.br\/noticia\/imagens\/as-aventuras-de-poliana-novela-150x100.jpg 150w, https:\/\/www.redenoticia.com.br\/noticia\/imagens\/as-aventuras-de-poliana-novela.jpg 600w\" sizes=\"auto, (max-width: 400px) 100vw, 400px\" \/>Resumo novela \u201cAs Aventuras de Poliana\u201d 30\/05 <\/em><\/strong>: no cap\u00edtulo 272(*) da novela, resumo de quinta-feira, 30 de maio, M\u00e1rio, Luigi, Joana e S\u00e9rgio jogam Vetherna juntos. Kessya pede para Gleyce e Arlete pararem de brigar. D\u00e9bora coloca a cadelinha Vida na varanda, e Ver\u00f4nica fica furiosa. Bento conta a Poliana como foi ficar na casa de Ruth. M\u00e1rio, Ben\u00edcio e Gael v\u00e3o \u00e0 casa de Sr. Pendleton para tirarem uma d\u00favida sobre o famoso fantasma.<\/p>\n<p>Filipa conta a Paola que pegou as roupas de D\u00e9bora e colocou na caixa de doa\u00e7\u00f5es do Comit\u00ea do La\u00e7o Pink. Filipa pede a \u00c9ric e Hugo que a ajude a atrapalhar a sess\u00e3o de fotos de Kessya. Roger apresenta seu projeto para os funcion\u00e1rios e l\u00edderes da O11O. D\u00e9bora sabota todo o trabalho de Lu\u00edsa.<\/p>\n<p>Jo\u00e3o e Bento discutem e v\u00e3o parar na diretoria. Hugo, \u00c9ric e Filipa prendem Kessya na r\u00e1dio. Pendleton anuncia que o Vetherna em realidade virtual ser\u00e1 lan\u00e7ado em um campo de f\u00e9rias de uma semana para os jovens. Otto diz que se revelar\u00e1 neste evento.<\/p>\n<p>(*) edi\u00e7\u00e3o do SBT, Novela \u201cAs Aventuras de Poliana\u201d, sujeito a altera\u00e7\u00e3o de data e conte\u00fado.<\/p>\n<p>Poliana \u00e9 uma menina extrovertida e de bom cora\u00e7\u00e3o que viajava o Brasil com seus pais, Lorenzo e Alice, no grupo circense Trupe Vagalume. Aos onze anos a garota v\u00ea seu mundo desabar quando seus pais falecem e ela tem que ir morar em S\u00e3o Paulo com sua tia Lu\u00edsa, uma mulher rica e severa, a qual ela n\u00e3o conhecia e que n\u00e3o queria cuidar dela, embora sinta que \u00e9 sua obriga\u00e7\u00e3o pela alma de sua irm\u00e3. Apesar do jeito da rigidez da tia, Poliana decide ter uma vis\u00e3o positiva e inabal\u00e1vel da vida, mesmo nos momentos de dificuldade, tentando levar um pouco de felicidade para a vida de cada um dos seus novos amigos e vizinhos, como o Sr. Pendleton, um homem rico e infeliz por nunca ter tido filhos. Ela vai estudar no col\u00e9gio de Ruth, uma diretora de bom cora\u00e7\u00e3o que a ajuda a se adaptar, mas tem que lidar com as vilanias de Mirela, garota mais velha que n\u00e3o aceita perder a popularidade para uma novata.<\/p>\n","protected":false},"excerpt":{"rendered":"<p>Resumo novela \u201cAs Aventuras de Poliana\u201d 30\/05 : no cap\u00edtulo 272(*) da novela, resumo de quinta-feira, 30 de maio, M\u00e1rio, Luigi, Joana e S\u00e9rgio jogam Vetherna juntos. Kessya pede para Gleyce e Arlete pararem de brigar. D\u00e9bora coloca a cadelinha Vida na varanda, e Ver\u00f4nica fica furiosa. Bento conta a Poliana como foi ficar na [&hellip;]<\/p>\n","protected":false},"author":4,"featured_media":148663,"comment_status":"open","ping_status":"closed","sticky":false,"template":"","format":"standard","meta":{"_genesis_hide_title":false,"_genesis_hide_breadcrumbs":false,"_genesis_hide_singular_image":false,"_genesis_hide_footer_widgets":false,"_genesis_custom_body_class":"","_genesis_custom_post_class":"","_genesis_layout":"","_jetpack_memberships_contains_paid_content":false,"footnotes":""},"categories":[477,379,372,343],"tags":[441],"class_list":{"0":"post-176826","1":"post","2":"type-post","3":"status-publish","4":"format-standard","5":"has-post-thumbnail","7":"category-as-aventuras-de-poliana","8":"category-novelas","9":"category-sbt","10":"category-televisao","11":"tag-resumo-do-dia","12":"entry","13":"gs-1","14":"gs-odd","15":"gs-even","16":"gs-featured-content-entry"},"jetpack_featured_media_url":"https:\/\/www.redenoticia.com.br\/noticia\/imagens\/as-aventuras-de-poliana-sbt.jpg","jetpack_sharing_enabled":true,"jetpack_likes_enabled":true,"_links":{"self":[{"href":"https:\/\/www.redenoticia.com.br\/noticia\/wp-json\/wp\/v2\/posts\/176826","targetHints":{"allow":["GET"]}}],"collection":[{"href":"https:\/\/www.redenoticia.com.br\/noticia\/wp-json\/wp\/v2\/posts"}],"about":[{"href":"https:\/\/www.redenoticia.com.br\/noticia\/wp-json\/wp\/v2\/types\/post"}],"author":[{"embeddable":true,"href":"https:\/\/www.redenoticia.com.br\/noticia\/wp-json\/wp\/v2\/users\/4"}],"replies":[{"embeddable":true,"href":"https:\/\/www.redenoticia.com.br\/noticia\/wp-json\/wp\/v2\/comments?post=176826"}],"version-history":[{"count":0,"href":"https:\/\/www.redenoticia.com.br\/noticia\/wp-json\/wp\/v2\/posts\/176826\/revisions"}],"wp:featuredmedia":[{"embeddable":true,"href":"https:\/\/www.redenoticia.com.br\/noticia\/wp-json\/wp\/v2\/media\/148663"}],"wp:attachment":[{"href":"https:\/\/www.redenoticia.com.br\/noticia\/wp-json\/wp\/v2\/media?parent=176826"}],"wp:term":[{"taxonomy":"category","embeddable":true,"href":"https:\/\/www.redenoticia.com.br\/noticia\/wp-json\/wp\/v2\/categories?post=176826"},{"taxonomy":"post_tag","embeddable":true,"href":"https:\/\/www.redenoticia.com.br\/noticia\/wp-json\/wp\/v2\/tags?post=176826"}],"curies":[{"name":"wp","href":"https:\/\/api.w.org\/{rel}","templated":true}]}}