{"id":176824,"date":"2019-05-29T16:23:00","date_gmt":"2019-05-29T19:23:00","guid":{"rendered":"https:\/\/www.redenoticia.com.br\/noticia\/?p=176824"},"modified":"2019-05-29T16:23:07","modified_gmt":"2019-05-29T19:23:07","slug":"resumo-novela-a-que-nao-podia-amar-30-05-gustavo-volta-a-boca-do-ceu","status":"publish","type":"post","link":"https:\/\/www.redenoticia.com.br\/noticia\/2019\/resumo-novela-a-que-nao-podia-amar-30-05-gustavo-volta-a-boca-do-ceu\/176824","title":{"rendered":"Resumo novela \u201cA Que N\u00e3o Podia Amar\u201d 30\/05: Gustavo volta \u00e0 Boca do C\u00e9u"},"content":{"rendered":"<p><strong><em><img loading=\"lazy\" decoding=\"async\" class=\"aligncenter size-large wp-image-173635\" src=\"https:\/\/www.redenoticia.com.br\/noticia\/imagens\/a-que-nao-podia-amar-400x271.jpg\" alt=\"\" width=\"400\" height=\"271\" srcset=\"https:\/\/www.redenoticia.com.br\/noticia\/imagens\/a-que-nao-podia-amar-400x271.jpg 400w, https:\/\/www.redenoticia.com.br\/noticia\/imagens\/a-que-nao-podia-amar-250x169.jpg 250w, https:\/\/www.redenoticia.com.br\/noticia\/imagens\/a-que-nao-podia-amar-560x379.jpg 560w, https:\/\/www.redenoticia.com.br\/noticia\/imagens\/a-que-nao-podia-amar.jpg 620w\" sizes=\"auto, (max-width: 400px) 100vw, 400px\" \/><\/em><\/strong><\/p>\n<p>Resumo da novela<strong><em> \u201cA Que N\u00e3o Podia Amar\u201d&nbsp;<\/em><\/strong> em 30\/05: no cap\u00edtulo 039(*) da novela, quinta-feira, 30 de maio, quando C\u00edntia acusa Rog\u00e9rio de ter sido um tonto por ter usado Ana Paula, Rog\u00e9rio tenta chicote\u00e1-la, mas Elias se coloca na frente e recebe o castigo. Durante o caf\u00e9 da manh\u00e3, Vanessa questiona seu pai sobre a repentina preocupa\u00e7\u00e3o pelo bem-estar de Ana Paula, ele diz que essa mo\u00e7a \u00e9 mais uma v\u00edtima de Rog\u00e9rio, ela deixa claro que isso n\u00e3o lhe importa. Ana Paula junto com Marquinho conseguem voltar \u00e0 S\u00e3o Gabriel. Por outro lado, Ana Paula mostra o mar a Marquinho e lhe conta que esse lugar lhe traz muitas lembran\u00e7as de Gustavo, seu ex-namorado. Gustavo volta \u00e0 Boca do C\u00e9u e aproveita para visitar aos pescadores, a pequena Melina lhe pede que a leve para a praia.<\/p>\n<p>(*) edi\u00e7\u00e3o do SBT, Novela \u201cA Que N\u00e3o Podia Amar\u201d, sujeito a altera\u00e7\u00e3o de data e conte\u00fado.<\/p>\n<p>Destaques<\/p>\n<p>&#8220;A Que N\u00e3o Podia Amar&#8221;- Ana Paula, uma enfermeira humilde que se v\u00ea obrigada a trabalhar na casa de Rog\u00e9rio Montero (Jorge Salinas), um homem amargurado. Rog\u00e9rio sofre por ser parapl\u00e9gico e destrata todas as pessoas. Ana Paula atura tudo calada e o rica\u00e7o se apaixona por ela.<\/p>\n<p>Ana conhece Gustavo Duran (Jos\u00e9 Ron), um engenheiro nobre e trabalhador. Os dois se apaixonam, mas ter\u00e3o de enfrentar Rog\u00e9rio, j\u00e1 que ele tamb\u00e9m gosta da mocinha, formando assim, um tri\u00e2ngulo amoroso com terr\u00edveis consequ\u00eancias.<\/p>\n","protected":false},"excerpt":{"rendered":"<p>Resumo da novela \u201cA Que N\u00e3o Podia Amar\u201d&nbsp; em 30\/05: no cap\u00edtulo 039(*) da novela, quinta-feira, 30 de maio, quando C\u00edntia acusa Rog\u00e9rio de ter sido um tonto por ter usado Ana Paula, Rog\u00e9rio tenta chicote\u00e1-la, mas Elias se coloca na frente e recebe o castigo. Durante o caf\u00e9 da manh\u00e3, Vanessa questiona seu pai [&hellip;]<\/p>\n","protected":false},"author":4,"featured_media":173627,"comment_status":"open","ping_status":"closed","sticky":false,"template":"","format":"standard","meta":{"_genesis_hide_title":false,"_genesis_hide_breadcrumbs":false,"_genesis_hide_singular_image":false,"_genesis_hide_footer_widgets":false,"_genesis_custom_body_class":"","_genesis_custom_post_class":"","_genesis_layout":"","_jetpack_memberships_contains_paid_content":false,"footnotes":""},"categories":[379,372,343],"tags":[441],"class_list":{"0":"post-176824","1":"post","2":"type-post","3":"status-publish","4":"format-standard","5":"has-post-thumbnail","7":"category-novelas","8":"category-sbt","9":"category-televisao","10":"tag-resumo-do-dia","11":"entry","12":"gs-1","13":"gs-odd","14":"gs-even","15":"gs-featured-content-entry"},"jetpack_featured_media_url":"https:\/\/www.redenoticia.com.br\/noticia\/imagens\/a-que-nao-podia-amar-sbt-01.jpg","jetpack_sharing_enabled":true,"jetpack_likes_enabled":true,"_links":{"self":[{"href":"https:\/\/www.redenoticia.com.br\/noticia\/wp-json\/wp\/v2\/posts\/176824","targetHints":{"allow":["GET"]}}],"collection":[{"href":"https:\/\/www.redenoticia.com.br\/noticia\/wp-json\/wp\/v2\/posts"}],"about":[{"href":"https:\/\/www.redenoticia.com.br\/noticia\/wp-json\/wp\/v2\/types\/post"}],"author":[{"embeddable":true,"href":"https:\/\/www.redenoticia.com.br\/noticia\/wp-json\/wp\/v2\/users\/4"}],"replies":[{"embeddable":true,"href":"https:\/\/www.redenoticia.com.br\/noticia\/wp-json\/wp\/v2\/comments?post=176824"}],"version-history":[{"count":0,"href":"https:\/\/www.redenoticia.com.br\/noticia\/wp-json\/wp\/v2\/posts\/176824\/revisions"}],"wp:featuredmedia":[{"embeddable":true,"href":"https:\/\/www.redenoticia.com.br\/noticia\/wp-json\/wp\/v2\/media\/173627"}],"wp:attachment":[{"href":"https:\/\/www.redenoticia.com.br\/noticia\/wp-json\/wp\/v2\/media?parent=176824"}],"wp:term":[{"taxonomy":"category","embeddable":true,"href":"https:\/\/www.redenoticia.com.br\/noticia\/wp-json\/wp\/v2\/categories?post=176824"},{"taxonomy":"post_tag","embeddable":true,"href":"https:\/\/www.redenoticia.com.br\/noticia\/wp-json\/wp\/v2\/tags?post=176824"}],"curies":[{"name":"wp","href":"https:\/\/api.w.org\/{rel}","templated":true}]}}