{"id":176822,"date":"2019-05-29T16:21:44","date_gmt":"2019-05-29T19:21:44","guid":{"rendered":"https:\/\/www.redenoticia.com.br\/noticia\/?p=176822"},"modified":"2019-05-29T16:21:52","modified_gmt":"2019-05-29T19:21:52","slug":"resumo-novela-a-dona-30-05-alonso-liga-para-valentina-e-ivana-o-atende","status":"publish","type":"post","link":"https:\/\/www.redenoticia.com.br\/noticia\/2019\/resumo-novela-a-dona-30-05-alonso-liga-para-valentina-e-ivana-o-atende\/176822","title":{"rendered":"Resumo novela \u201cA Dona\u201d 30\/05: Alonso liga para Valentina e Ivana o atende"},"content":{"rendered":"<p><img loading=\"lazy\" decoding=\"async\" class=\"aligncenter size-large wp-image-173633\" src=\"https:\/\/www.redenoticia.com.br\/noticia\/imagens\/a-dona-270x300.jpg\" alt=\"\" width=\"270\" height=\"300\" srcset=\"https:\/\/www.redenoticia.com.br\/noticia\/imagens\/a-dona-270x300.jpg 270w, https:\/\/www.redenoticia.com.br\/noticia\/imagens\/a-dona-168x187.jpg 168w, https:\/\/www.redenoticia.com.br\/noticia\/imagens\/a-dona.jpg 380w\" sizes=\"auto, (max-width: 270px) 100vw, 270px\" \/>Resumo da novela <strong><em>\u201cA Dona&#8221;<\/em><\/strong> em 30\/05: no cap\u00edtulo 044(*) da novela, quinta-feira, 30 de maio, Felipe diz a Sandra que ela deveria entrar em uma universidade e estudar uma carreira, pois ainda \u00e9 muito jovem. Sandra responde que n\u00e3o v\u00ea porque se dedicar aos estudos, j\u00e1 que quando se casar seu marido ter\u00e1 que mant\u00ea-la e lhe dar tudo. Benita encontra Valentina chorando e diz que ela deveria aceitar que ama Jos\u00e9 Miguel antes que Ivana fique com ele de uma vez, ou uma outra mulher o descubra, pois ele \u00e9 um homem encantador. Maria da Luz, chorando, diz a Rodrigo que acabar\u00e1 de vez com ele. Ela o amea\u00e7a com um rev\u00f3lver.<\/p>\n<p>Quando est\u00e1 a ponto de disparar, Filadelfo aparece e a impede. Rodrigo tenta agredi-la, mas \u00e9 impedido por Filadelfo. Valentina pergunta a sua tia Isabel se ela acredita que Ivana se casar\u00e1 em breve com Jos\u00e9 Miguel. Ela responde que pediu para que eles n\u00e3o se adiantem, mas que desconfia do sentimento de Jos\u00e9 Miguel. Jesus diz a Jos\u00e9 Miguel que Valentina foi procur\u00e1-lo na fazenda e, quando chegou ao estabulo, o flagrou aos beijos com Ivana.<\/p>\n<p>Henriqueta se escandaliza ao saber que Sandra estava passeando com Felipe. Ivana diz a Valentina que esteve o dia todo com Jos\u00e9 Miguel, e sente que ele est\u00e1 come\u00e7ando a am\u00e1-la. Jos\u00e9 Miguel procura Valentina e ela pede que ele se dirija diretamente ao advogado Ernesto no que diz respeito ao projeto da escola. Ivana fica furiosa ao saber que Jos\u00e9 Miguel ser\u00e1 o respons\u00e1vel pelo projeto da escola. Alonso liga para Valentina e Ivana o atende.<\/p>\n<p>(*) edi\u00e7\u00e3o do SBT, Novela \u201cA Dona\u201d, sujeito a altera\u00e7\u00e3o de data e conte\u00fado.<\/p>\n<p>Destaques<\/p>\n<p>&#8220;A Dona&#8221; &#8211; Valentina Vila\u00e7a (Lucero) \u00e9 uma mulher que tem uma grande fortuna, que seus pais deixaram para ela quando morreram em um acidente de carro. Ela tem uma mans\u00e3o na Cidade do M\u00e9xico, onde vive com sua tia Isabel Rangel de Dorantes (Silvia Pinal), e sua prima Ivana Dorantes Rangel (Gabriela Spanic) que trata Valentina com muita indiferen\u00e7a e sente inveja dela.<\/p>\n<p>Tudo muda para Valentina quando seu noivo Alonso Penalva (David Zepeda), tramando com Ivana no dia de seu casamento, a deixa esperando no altar. A partir da\u00ed, Valentina se torna uma mulher amarga, e vai para sua fazenda, no interior. Chegando l\u00e1, ela conhece seu vizinho Jos\u00e9 Miguel Montesinos (Fernando Colunga).<\/p>\n","protected":false},"excerpt":{"rendered":"<p>Resumo da novela \u201cA Dona&#8221; em 30\/05: no cap\u00edtulo 044(*) da novela, quinta-feira, 30 de maio, Felipe diz a Sandra que ela deveria entrar em uma universidade e estudar uma carreira, pois ainda \u00e9 muito jovem. Sandra responde que n\u00e3o v\u00ea porque se dedicar aos estudos, j\u00e1 que quando se casar seu marido ter\u00e1 que [&hellip;]<\/p>\n","protected":false},"author":4,"featured_media":173626,"comment_status":"open","ping_status":"closed","sticky":false,"template":"","format":"standard","meta":{"_genesis_hide_title":false,"_genesis_hide_breadcrumbs":false,"_genesis_hide_singular_image":false,"_genesis_hide_footer_widgets":false,"_genesis_custom_body_class":"","_genesis_custom_post_class":"","_genesis_layout":"","_jetpack_memberships_contains_paid_content":false,"footnotes":""},"categories":[379,372,343],"tags":[441],"class_list":{"0":"post-176822","1":"post","2":"type-post","3":"status-publish","4":"format-standard","5":"has-post-thumbnail","7":"category-novelas","8":"category-sbt","9":"category-televisao","10":"tag-resumo-do-dia","11":"entry","12":"gs-1","13":"gs-odd","14":"gs-even","15":"gs-featured-content-entry"},"jetpack_featured_media_url":"https:\/\/www.redenoticia.com.br\/noticia\/imagens\/a-dona-03.jpg","jetpack_sharing_enabled":true,"jetpack_likes_enabled":true,"_links":{"self":[{"href":"https:\/\/www.redenoticia.com.br\/noticia\/wp-json\/wp\/v2\/posts\/176822","targetHints":{"allow":["GET"]}}],"collection":[{"href":"https:\/\/www.redenoticia.com.br\/noticia\/wp-json\/wp\/v2\/posts"}],"about":[{"href":"https:\/\/www.redenoticia.com.br\/noticia\/wp-json\/wp\/v2\/types\/post"}],"author":[{"embeddable":true,"href":"https:\/\/www.redenoticia.com.br\/noticia\/wp-json\/wp\/v2\/users\/4"}],"replies":[{"embeddable":true,"href":"https:\/\/www.redenoticia.com.br\/noticia\/wp-json\/wp\/v2\/comments?post=176822"}],"version-history":[{"count":0,"href":"https:\/\/www.redenoticia.com.br\/noticia\/wp-json\/wp\/v2\/posts\/176822\/revisions"}],"wp:featuredmedia":[{"embeddable":true,"href":"https:\/\/www.redenoticia.com.br\/noticia\/wp-json\/wp\/v2\/media\/173626"}],"wp:attachment":[{"href":"https:\/\/www.redenoticia.com.br\/noticia\/wp-json\/wp\/v2\/media?parent=176822"}],"wp:term":[{"taxonomy":"category","embeddable":true,"href":"https:\/\/www.redenoticia.com.br\/noticia\/wp-json\/wp\/v2\/categories?post=176822"},{"taxonomy":"post_tag","embeddable":true,"href":"https:\/\/www.redenoticia.com.br\/noticia\/wp-json\/wp\/v2\/tags?post=176822"}],"curies":[{"name":"wp","href":"https:\/\/api.w.org\/{rel}","templated":true}]}}