{"id":176758,"date":"2019-05-28T16:09:51","date_gmt":"2019-05-28T19:09:51","guid":{"rendered":"https:\/\/www.redenoticia.com.br\/noticia\/?p=176758"},"modified":"2019-05-28T16:09:56","modified_gmt":"2019-05-28T19:09:56","slug":"resumo-novela-a-que-nao-podia-amar-29-05-rogerio-quer-fazer-com-que-miguel-volte-para-a-cadeia","status":"publish","type":"post","link":"https:\/\/www.redenoticia.com.br\/noticia\/2019\/resumo-novela-a-que-nao-podia-amar-29-05-rogerio-quer-fazer-com-que-miguel-volte-para-a-cadeia\/176758","title":{"rendered":"Resumo novela \u201cA Que N\u00e3o Podia Amar\u201d 29\/05: Rog\u00e9rio quer fazer com que Miguel volte para a cadeia"},"content":{"rendered":"<p><strong><em><img loading=\"lazy\" decoding=\"async\" class=\"aligncenter size-large wp-image-173635\" src=\"https:\/\/www.redenoticia.com.br\/noticia\/imagens\/a-que-nao-podia-amar-400x271.jpg\" alt=\"\" width=\"400\" height=\"271\" srcset=\"https:\/\/www.redenoticia.com.br\/noticia\/imagens\/a-que-nao-podia-amar-400x271.jpg 400w, https:\/\/www.redenoticia.com.br\/noticia\/imagens\/a-que-nao-podia-amar-250x169.jpg 250w, https:\/\/www.redenoticia.com.br\/noticia\/imagens\/a-que-nao-podia-amar-560x379.jpg 560w, https:\/\/www.redenoticia.com.br\/noticia\/imagens\/a-que-nao-podia-amar.jpg 620w\" sizes=\"auto, (max-width: 400px) 100vw, 400px\" \/><\/em><\/strong><\/p>\n<p>Resumo da novela<strong><em> \u201cA Que N\u00e3o Podia Amar\u201d&nbsp;<\/em><\/strong> em 29\/05: no cap\u00edtulo 038(*) da novela, quarta-feira, 29 de maio, enquanto passeiam a cavalo pelo bosque, Ana Paula e Marquinho se perdem no caminho e se veem obrigados a passar a noite no relento. Ana Paula pensa que essa seria a oportunidade perfeita para fugir de Rog\u00e9rio. Vanessa e David chegam na fazenda. Mercedes, Gustavo e C\u00edntia v\u00e3o a um restaurante, quando ele paga a conta, C\u00edntia lhe rouba um beijo e vai embora. Mercedes comenta com seu irm\u00e3o que a mo\u00e7a est\u00e1 muito entusiasmada, ele responde que vai deixar acontecer o que tiver que acontecer. Bruno fica muito preocupado pela apari\u00e7\u00e3o de Gustavo na fazenda e avisa ao homem que contratou para mat\u00e1-lo que poderiam estar em perigo se Mercedes v\u00ea-lo. Ele se oferece para terminar com o que come\u00e7ou e se oferece para dar um fim em Mercedes tamb\u00e9m. Bruno fica pensativo.<\/p>\n<p>Miguel \u00e9 encontrado e levado para a fazenda. Miguel chega na fazenda e enfrenta Rog\u00e9rio, ele pergunta por Ana Paula, mas Miguel lhe confirma que ela fugiu e o acusa de ser um assassino. Rog\u00e9rio n\u00e3o consegue controlar sua f\u00faria e lhe bate com o chicote. Rog\u00e9rio diz a Maria que Ana Paula acredita que se casou com um desgra\u00e7ado e que vai provar que ela est\u00e1 certa. Rog\u00e9rio decide colocar barras no quarto de Ana Paula. Vanessa e seu pai ficam sabendo que Ana Paula n\u00e3o est\u00e1 na fazenda. Mais tarde, Rog\u00e9rio pede a David que v\u00e1 para a fazenda. David chega na fazenda com o objetivo de convencer Rog\u00e9rio a n\u00e3o desistir de investir no neg\u00f3cio de Boca do C\u00e9u, mas Rog\u00e9rio lhe diz para informar seu advogado que fa\u00e7a o necess\u00e1rio para que Miguel volte para a cadeia, este n\u00e3o entende sua atitude. Vanessa diz ao seu pai com tom ir\u00f4nico para irem embora, pois Rog\u00e9rio deve estar se sentindo muito mal porque foi abandonado pela esposa, ele se surpreende.<\/p>\n<p>(*) edi\u00e7\u00e3o do SBT, Novela \u201cA Que N\u00e3o Podia Amar\u201d, sujeito a altera\u00e7\u00e3o de data e conte\u00fado.<\/p>\n<p>Destaques<\/p>\n<p>&#8220;A Que N\u00e3o Podia Amar&#8221;- Ana Paula, uma enfermeira humilde que se v\u00ea obrigada a trabalhar na casa de Rog\u00e9rio Montero (Jorge Salinas), um homem amargurado. Rog\u00e9rio sofre por ser parapl\u00e9gico e destrata todas as pessoas. Ana Paula atura tudo calada e o rica\u00e7o se apaixona por ela.<\/p>\n<p>Ana conhece Gustavo Duran (Jos\u00e9 Ron), um engenheiro nobre e trabalhador. Os dois se apaixonam, mas ter\u00e3o de enfrentar Rog\u00e9rio, j\u00e1 que ele tamb\u00e9m gosta da mocinha, formando assim, um tri\u00e2ngulo amoroso com terr\u00edveis consequ\u00eancias.<\/p>\n","protected":false},"excerpt":{"rendered":"<p>Resumo da novela \u201cA Que N\u00e3o Podia Amar\u201d&nbsp; em 29\/05: no cap\u00edtulo 038(*) da novela, quarta-feira, 29 de maio, enquanto passeiam a cavalo pelo bosque, Ana Paula e Marquinho se perdem no caminho e se veem obrigados a passar a noite no relento. Ana Paula pensa que essa seria a oportunidade perfeita para fugir de [&hellip;]<\/p>\n","protected":false},"author":4,"featured_media":173627,"comment_status":"open","ping_status":"closed","sticky":false,"template":"","format":"standard","meta":{"_genesis_hide_title":false,"_genesis_hide_breadcrumbs":false,"_genesis_hide_singular_image":false,"_genesis_hide_footer_widgets":false,"_genesis_custom_body_class":"","_genesis_custom_post_class":"","_genesis_layout":"","_jetpack_memberships_contains_paid_content":false,"footnotes":""},"categories":[379,372,343],"tags":[441],"class_list":{"0":"post-176758","1":"post","2":"type-post","3":"status-publish","4":"format-standard","5":"has-post-thumbnail","7":"category-novelas","8":"category-sbt","9":"category-televisao","10":"tag-resumo-do-dia","11":"entry","12":"gs-1","13":"gs-odd","14":"gs-even","15":"gs-featured-content-entry"},"jetpack_featured_media_url":"https:\/\/www.redenoticia.com.br\/noticia\/imagens\/a-que-nao-podia-amar-sbt-01.jpg","jetpack_sharing_enabled":true,"jetpack_likes_enabled":true,"_links":{"self":[{"href":"https:\/\/www.redenoticia.com.br\/noticia\/wp-json\/wp\/v2\/posts\/176758","targetHints":{"allow":["GET"]}}],"collection":[{"href":"https:\/\/www.redenoticia.com.br\/noticia\/wp-json\/wp\/v2\/posts"}],"about":[{"href":"https:\/\/www.redenoticia.com.br\/noticia\/wp-json\/wp\/v2\/types\/post"}],"author":[{"embeddable":true,"href":"https:\/\/www.redenoticia.com.br\/noticia\/wp-json\/wp\/v2\/users\/4"}],"replies":[{"embeddable":true,"href":"https:\/\/www.redenoticia.com.br\/noticia\/wp-json\/wp\/v2\/comments?post=176758"}],"version-history":[{"count":0,"href":"https:\/\/www.redenoticia.com.br\/noticia\/wp-json\/wp\/v2\/posts\/176758\/revisions"}],"wp:featuredmedia":[{"embeddable":true,"href":"https:\/\/www.redenoticia.com.br\/noticia\/wp-json\/wp\/v2\/media\/173627"}],"wp:attachment":[{"href":"https:\/\/www.redenoticia.com.br\/noticia\/wp-json\/wp\/v2\/media?parent=176758"}],"wp:term":[{"taxonomy":"category","embeddable":true,"href":"https:\/\/www.redenoticia.com.br\/noticia\/wp-json\/wp\/v2\/categories?post=176758"},{"taxonomy":"post_tag","embeddable":true,"href":"https:\/\/www.redenoticia.com.br\/noticia\/wp-json\/wp\/v2\/tags?post=176758"}],"curies":[{"name":"wp","href":"https:\/\/api.w.org\/{rel}","templated":true}]}}