{"id":176756,"date":"2019-05-28T16:08:42","date_gmt":"2019-05-28T19:08:42","guid":{"rendered":"https:\/\/www.redenoticia.com.br\/noticia\/?p=176756"},"modified":"2019-05-28T16:08:49","modified_gmt":"2019-05-28T19:08:49","slug":"resumo-novela-a-dona-29-05-jesus-pede-a-valentina-que-acredite-em-jose-miguel","status":"publish","type":"post","link":"https:\/\/www.redenoticia.com.br\/noticia\/2019\/resumo-novela-a-dona-29-05-jesus-pede-a-valentina-que-acredite-em-jose-miguel\/176756","title":{"rendered":"Resumo novela \u201cA Dona\u201d 29\/05: Jesus pede a Valentina que acredite em Jos\u00e9 Miguel"},"content":{"rendered":"<p><img loading=\"lazy\" decoding=\"async\" class=\"aligncenter size-large wp-image-173633\" src=\"https:\/\/www.redenoticia.com.br\/noticia\/imagens\/a-dona-270x300.jpg\" alt=\"\" width=\"270\" height=\"300\" srcset=\"https:\/\/www.redenoticia.com.br\/noticia\/imagens\/a-dona-270x300.jpg 270w, https:\/\/www.redenoticia.com.br\/noticia\/imagens\/a-dona-168x187.jpg 168w, https:\/\/www.redenoticia.com.br\/noticia\/imagens\/a-dona.jpg 380w\" sizes=\"auto, (max-width: 270px) 100vw, 270px\" \/>Resumo da novela <strong><em>\u201cA Dona&#8221;<\/em><\/strong> em 29\/05: no cap\u00edtulo 043(*) da novela, quarta-feira, 29 de maio, Hor\u00e1cio diz a Valentina que acredita em Jos\u00e9 Miguel, pois jamais fez uma aposta que a envolvesse. Leonor procura Frederico para que volte a sua casa. Ele pede um tempo e Leonor responde que j\u00e1 n\u00e3o tem tempo para nada. Frederico ent\u00e3o prop\u00f5e que eles se divorciem e contem tudo a Jos\u00e9 Miguel. Jos\u00e9 Miguel diz a seus pais que eles devem dizer toda a verdade a ele. Leonor pede a Frederico que se cale e depois exige que Jos\u00e9 Miguel n\u00e3o d\u00ea ouvidos ao que seu pai diz, porque est\u00e1 furioso com ela e vai inventar coisas.<\/p>\n<p>Jos\u00e9 Miguel diz que quer e vai escutar o que seu pai tem a dizer. Frederico diz a Jos\u00e9 Miguel que quer se divorciar de Leonor, e que o faz para que tanto ele quanto ela fiquem bem. Jos\u00e9 Miguel diz a sua m\u00e3e que deveria fazer um \u00faltimo esfor\u00e7o para preservar sua rela\u00e7\u00e3o com Frederico. Jesus diz a Valentina que \u00e9 mentira que Jos\u00e9 Miguel fez uma aposta para conquist\u00e1-la. Rodrigo diz a Valentina que ela fez muito bem em ajudar Cristina, pois ele, no lugar da dona, teria feito o mesmo.<\/p>\n<p>Ivana se desculpa com Jos\u00e9 Miguel por t\u00ea-lo beijado e diz que n\u00e3o pode se conter porque sempre o amou. Jos\u00e9 deixa claro que n\u00e3o a ama, e n\u00e3o poder\u00e1 corresponder o sentimento de Ivana. Leonor adverte Jesus e Teresa que pobres deles se disserem a Jos\u00e9 Miguel que Valentina esteve procurando por ele. Ivana tenta conversar com Jos\u00e9 Miguel e ele a interrompe, dizendo que o melhor \u00e9 que ele v\u00e1 embora de uma vez. Valentina se fecha em seu antigo quarto, de quando era crian\u00e7a, e se lembra de seus pais.<\/p>\n<p>(*) edi\u00e7\u00e3o do SBT, Novela \u201cA Dona\u201d, sujeito a altera\u00e7\u00e3o de data e conte\u00fado.<\/p>\n<p>Destaques<\/p>\n<p>&#8220;A Dona&#8221; &#8211; Valentina Vila\u00e7a (Lucero) \u00e9 uma mulher que tem uma grande fortuna, que seus pais deixaram para ela quando morreram em um acidente de carro. Ela tem uma mans\u00e3o na Cidade do M\u00e9xico, onde vive com sua tia Isabel Rangel de Dorantes (Silvia Pinal), e sua prima Ivana Dorantes Rangel (Gabriela Spanic) que trata Valentina com muita indiferen\u00e7a e sente inveja dela.<\/p>\n<p>Tudo muda para Valentina quando seu noivo Alonso Penalva (David Zepeda), tramando com Ivana no dia de seu casamento, a deixa esperando no altar. A partir da\u00ed, Valentina se torna uma mulher amarga, e vai para sua fazenda, no interior. Chegando l\u00e1, ela conhece seu vizinho Jos\u00e9 Miguel Montesinos (Fernando Colunga).<\/p>\n","protected":false},"excerpt":{"rendered":"<p>Resumo da novela \u201cA Dona&#8221; em 29\/05: no cap\u00edtulo 043(*) da novela, quarta-feira, 29 de maio, Hor\u00e1cio diz a Valentina que acredita em Jos\u00e9 Miguel, pois jamais fez uma aposta que a envolvesse. Leonor procura Frederico para que volte a sua casa. Ele pede um tempo e Leonor responde que j\u00e1 n\u00e3o tem tempo para [&hellip;]<\/p>\n","protected":false},"author":4,"featured_media":173626,"comment_status":"open","ping_status":"closed","sticky":false,"template":"","format":"standard","meta":{"_genesis_hide_title":false,"_genesis_hide_breadcrumbs":false,"_genesis_hide_singular_image":false,"_genesis_hide_footer_widgets":false,"_genesis_custom_body_class":"","_genesis_custom_post_class":"","_genesis_layout":"","_jetpack_memberships_contains_paid_content":false,"footnotes":""},"categories":[379,372,343],"tags":[441],"class_list":{"0":"post-176756","1":"post","2":"type-post","3":"status-publish","4":"format-standard","5":"has-post-thumbnail","7":"category-novelas","8":"category-sbt","9":"category-televisao","10":"tag-resumo-do-dia","11":"entry","12":"gs-1","13":"gs-odd","14":"gs-even","15":"gs-featured-content-entry"},"jetpack_featured_media_url":"https:\/\/www.redenoticia.com.br\/noticia\/imagens\/a-dona-03.jpg","jetpack_sharing_enabled":true,"jetpack_likes_enabled":true,"_links":{"self":[{"href":"https:\/\/www.redenoticia.com.br\/noticia\/wp-json\/wp\/v2\/posts\/176756","targetHints":{"allow":["GET"]}}],"collection":[{"href":"https:\/\/www.redenoticia.com.br\/noticia\/wp-json\/wp\/v2\/posts"}],"about":[{"href":"https:\/\/www.redenoticia.com.br\/noticia\/wp-json\/wp\/v2\/types\/post"}],"author":[{"embeddable":true,"href":"https:\/\/www.redenoticia.com.br\/noticia\/wp-json\/wp\/v2\/users\/4"}],"replies":[{"embeddable":true,"href":"https:\/\/www.redenoticia.com.br\/noticia\/wp-json\/wp\/v2\/comments?post=176756"}],"version-history":[{"count":0,"href":"https:\/\/www.redenoticia.com.br\/noticia\/wp-json\/wp\/v2\/posts\/176756\/revisions"}],"wp:featuredmedia":[{"embeddable":true,"href":"https:\/\/www.redenoticia.com.br\/noticia\/wp-json\/wp\/v2\/media\/173626"}],"wp:attachment":[{"href":"https:\/\/www.redenoticia.com.br\/noticia\/wp-json\/wp\/v2\/media?parent=176756"}],"wp:term":[{"taxonomy":"category","embeddable":true,"href":"https:\/\/www.redenoticia.com.br\/noticia\/wp-json\/wp\/v2\/categories?post=176756"},{"taxonomy":"post_tag","embeddable":true,"href":"https:\/\/www.redenoticia.com.br\/noticia\/wp-json\/wp\/v2\/tags?post=176756"}],"curies":[{"name":"wp","href":"https:\/\/api.w.org\/{rel}","templated":true}]}}