{"id":176705,"date":"2019-05-27T14:59:00","date_gmt":"2019-05-27T17:59:00","guid":{"rendered":"https:\/\/www.redenoticia.com.br\/noticia\/?p=176705"},"modified":"2019-05-27T14:59:06","modified_gmt":"2019-05-27T17:59:06","slug":"resumo-novela-a-que-nao-podia-amar-28-05-rogerio-apresenta-gustavo-a-bruno","status":"publish","type":"post","link":"https:\/\/www.redenoticia.com.br\/noticia\/2019\/resumo-novela-a-que-nao-podia-amar-28-05-rogerio-apresenta-gustavo-a-bruno\/176705","title":{"rendered":"Resumo novela \u201cA Que N\u00e3o Podia Amar\u201d 28\/05: Rog\u00e9rio apresenta Gustavo a Bruno"},"content":{"rendered":"<p><strong><em><img loading=\"lazy\" decoding=\"async\" class=\"aligncenter size-large wp-image-173635\" src=\"https:\/\/www.redenoticia.com.br\/noticia\/imagens\/a-que-nao-podia-amar-400x271.jpg\" alt=\"\" width=\"400\" height=\"271\" srcset=\"https:\/\/www.redenoticia.com.br\/noticia\/imagens\/a-que-nao-podia-amar-400x271.jpg 400w, https:\/\/www.redenoticia.com.br\/noticia\/imagens\/a-que-nao-podia-amar-250x169.jpg 250w, https:\/\/www.redenoticia.com.br\/noticia\/imagens\/a-que-nao-podia-amar-560x379.jpg 560w, https:\/\/www.redenoticia.com.br\/noticia\/imagens\/a-que-nao-podia-amar.jpg 620w\" sizes=\"auto, (max-width: 400px) 100vw, 400px\" \/><\/em><\/strong><\/p>\n<p>Resumo da novela<strong><em> \u201cA Que N\u00e3o Podia Amar\u201d&nbsp;<\/em><\/strong> em 28\/05: no cap\u00edtulo 037(*) da novela, ter\u00e7a-feira, 28 de maio,  Gustavo e Mercedes chegam na fazenda de Rog\u00e9rio, este os recebe com gosto e fala com Gustavo sobre seu casamento, como \u00e9 feliz e como sua esposa \u00e9 maravilhosa. Consuelo flagra Elias beijando C\u00edntia; eles se preocupam com a possibilidade dela contar para Rog\u00e9rio. Rog\u00e9rio se encontra muito c\u00f4modo com a presen\u00e7a de Gustavo e convida ele e sua irm\u00e3 Mercedes a passarem alguns dias na fazenda, j\u00e1 que em breve Ana Paula estar\u00e1 ali e desse modo poder\u00e3o se conhecer. Gustavo aceita o convite para poder conviver com Rog\u00e9rio e conhecer sua esposa.<\/p>\n<p>Enquanto isso, Bruno conversa com Frederico quem lhe faz saber que a Ana Paula nunca faltar\u00e1 nada. Ana Paula e Marquinho saem para passear de cavalo. Bruno chega e Rog\u00e9rio o apresenta a Gustavo, Bruno fica chocado, mas consegue disfar\u00e7ar e o cumprimenta como se fosse um desconhecido. Bruno e Rosaura se preocupam pela fuga de Miguel, Ana Paula e Marquinho. Muito aborrecido, Rog\u00e9rio volta a maltratar seus funcion\u00e1rios. Ana Paula e Marquinho se perdem no bosque, por outro lado Miguel tamb\u00e9m se perde.<\/p>\n<p>(*) edi\u00e7\u00e3o do SBT, Novela \u201cA Que N\u00e3o Podia Amar\u201d, sujeito a altera\u00e7\u00e3o de data e conte\u00fado.<\/p>\n<p>Destaques<\/p>\n<p>&#8220;A Que N\u00e3o Podia Amar&#8221;- Ana Paula, uma enfermeira humilde que se v\u00ea obrigada a trabalhar na casa de Rog\u00e9rio Montero (Jorge Salinas), um homem amargurado. Rog\u00e9rio sofre por ser parapl\u00e9gico e destrata todas as pessoas. Ana Paula atura tudo calada e o rica\u00e7o se apaixona por ela.<\/p>\n<p>Ana conhece Gustavo Duran (Jos\u00e9 Ron), um engenheiro nobre e trabalhador. Os dois se apaixonam, mas ter\u00e3o de enfrentar Rog\u00e9rio, j\u00e1 que ele tamb\u00e9m gosta da mocinha, formando assim, um tri\u00e2ngulo amoroso com terr\u00edveis consequ\u00eancias.<\/p>\n","protected":false},"excerpt":{"rendered":"<p>Resumo da novela \u201cA Que N\u00e3o Podia Amar\u201d&nbsp; em 28\/05: no cap\u00edtulo 037(*) da novela, ter\u00e7a-feira, 28 de maio, Gustavo e Mercedes chegam na fazenda de Rog\u00e9rio, este os recebe com gosto e fala com Gustavo sobre seu casamento, como \u00e9 feliz e como sua esposa \u00e9 maravilhosa. Consuelo flagra Elias beijando C\u00edntia; eles se [&hellip;]<\/p>\n","protected":false},"author":4,"featured_media":173627,"comment_status":"open","ping_status":"closed","sticky":false,"template":"","format":"standard","meta":{"_genesis_hide_title":false,"_genesis_hide_breadcrumbs":false,"_genesis_hide_singular_image":false,"_genesis_hide_footer_widgets":false,"_genesis_custom_body_class":"","_genesis_custom_post_class":"","_genesis_layout":"","_jetpack_memberships_contains_paid_content":false,"footnotes":""},"categories":[379,372,343],"tags":[441],"class_list":{"0":"post-176705","1":"post","2":"type-post","3":"status-publish","4":"format-standard","5":"has-post-thumbnail","7":"category-novelas","8":"category-sbt","9":"category-televisao","10":"tag-resumo-do-dia","11":"entry","12":"gs-1","13":"gs-odd","14":"gs-even","15":"gs-featured-content-entry"},"jetpack_featured_media_url":"https:\/\/www.redenoticia.com.br\/noticia\/imagens\/a-que-nao-podia-amar-sbt-01.jpg","jetpack_sharing_enabled":true,"jetpack_likes_enabled":true,"_links":{"self":[{"href":"https:\/\/www.redenoticia.com.br\/noticia\/wp-json\/wp\/v2\/posts\/176705","targetHints":{"allow":["GET"]}}],"collection":[{"href":"https:\/\/www.redenoticia.com.br\/noticia\/wp-json\/wp\/v2\/posts"}],"about":[{"href":"https:\/\/www.redenoticia.com.br\/noticia\/wp-json\/wp\/v2\/types\/post"}],"author":[{"embeddable":true,"href":"https:\/\/www.redenoticia.com.br\/noticia\/wp-json\/wp\/v2\/users\/4"}],"replies":[{"embeddable":true,"href":"https:\/\/www.redenoticia.com.br\/noticia\/wp-json\/wp\/v2\/comments?post=176705"}],"version-history":[{"count":0,"href":"https:\/\/www.redenoticia.com.br\/noticia\/wp-json\/wp\/v2\/posts\/176705\/revisions"}],"wp:featuredmedia":[{"embeddable":true,"href":"https:\/\/www.redenoticia.com.br\/noticia\/wp-json\/wp\/v2\/media\/173627"}],"wp:attachment":[{"href":"https:\/\/www.redenoticia.com.br\/noticia\/wp-json\/wp\/v2\/media?parent=176705"}],"wp:term":[{"taxonomy":"category","embeddable":true,"href":"https:\/\/www.redenoticia.com.br\/noticia\/wp-json\/wp\/v2\/categories?post=176705"},{"taxonomy":"post_tag","embeddable":true,"href":"https:\/\/www.redenoticia.com.br\/noticia\/wp-json\/wp\/v2\/tags?post=176705"}],"curies":[{"name":"wp","href":"https:\/\/api.w.org\/{rel}","templated":true}]}}