{"id":176703,"date":"2019-05-27T14:57:55","date_gmt":"2019-05-27T17:57:55","guid":{"rendered":"https:\/\/www.redenoticia.com.br\/noticia\/?p=176703"},"modified":"2019-05-27T14:58:02","modified_gmt":"2019-05-27T17:58:02","slug":"resumo-novela-a-dona-28-05-jose-miguel-invade-o-quarto-de-valentina","status":"publish","type":"post","link":"https:\/\/www.redenoticia.com.br\/noticia\/2019\/resumo-novela-a-dona-28-05-jose-miguel-invade-o-quarto-de-valentina\/176703","title":{"rendered":"Resumo novela \u201cA Dona\u201d 28\/05: Jos\u00e9 Miguel invade o quarto de Valentina"},"content":{"rendered":"<p><img loading=\"lazy\" decoding=\"async\" class=\"aligncenter size-large wp-image-173633\" src=\"https:\/\/www.redenoticia.com.br\/noticia\/imagens\/a-dona-270x300.jpg\" alt=\"\" width=\"270\" height=\"300\" srcset=\"https:\/\/www.redenoticia.com.br\/noticia\/imagens\/a-dona-270x300.jpg 270w, https:\/\/www.redenoticia.com.br\/noticia\/imagens\/a-dona-168x187.jpg 168w, https:\/\/www.redenoticia.com.br\/noticia\/imagens\/a-dona.jpg 380w\" sizes=\"auto, (max-width: 270px) 100vw, 270px\" \/>Resumo da novela <strong><em>\u201cA Dona&#8221;<\/em><\/strong> em 28\/05: no cap\u00edtulo 042(*) da novela, ter\u00e7a-feira, 28 de maio, Isabel confessa a Ivana seu noivado com Frederico. Ao inv\u00e9s de enaltecer a confian\u00e7a da m\u00e3e, Ivana diz que Leonor \u00e9 mesmo uma mulher extraordin\u00e1ria, pois apesar de saber o ocorrido entre o marido e Isabel, abriu as portas para ela, filha da mulher que queria roubar seu marido. E ainda quer que ela se case com Jos\u00e9 Miguel. Frederico e Leonor discutem sobre sua rela\u00e7\u00e3o e chegam a conclus\u00e3o que ela j\u00e1 n\u00e3o existe h\u00e1 muito tempo. Isabel diz a Valentina que j\u00e1 contou de seu relacionamento passado com Frederico a Ivana, e que jurou que jamais voltar\u00e1 a v\u00ea-lo. Isabel completa afirmando que est\u00e1 muito surpresa com a permiss\u00e3o e o gosto que Leonor mostra fazer em casar Jos\u00e9 Miguel e Ivana. Valentina encarrega Ernesto de fazer, rigorosamente, uma revis\u00e3o das contas da fazenda para descobrir se Rodrigo realmente a roubava.<\/p>\n<p>Valentina diz a Ernesto que confia em Rodrigo, mas como suas visitas a fazenda eram muito espor\u00e1dicas, cr\u00ea que talvez ele possa ter se aproveitado de sua confian\u00e7a. Jos\u00e9 Miguel se assusta ao saber que Frederico n\u00e3o dormiu em casa, e diz a Leonor que sabia que eles tinham problemas, mas n\u00e3o que seriam t\u00e3o graves e chegariam a tamanho extremo. Leonor diz que sempre \u00e9 vista como vil\u00e3, e Frederico como v\u00edtima, s\u00f3 que n\u00e3o \u00e9 bem assim. Enriqueta diz a Leonor que ficou sabendo atrav\u00e9s da gente do povoado que Hor\u00e1cio e Jos\u00e9 Miguel fizeram uma aposta para saber quem primeiro conquistaria o cora\u00e7\u00e3o de Valentina.<\/p>\n<p>Rodrigo reclama com Valentina por ela ter descontado dinheiro de seu pagamento, ela responde que o valor do desconto foi integralmente para Cristina, que est\u00e1 esperando um filho dele. Ivana informa Valentina que Jos\u00e9 Miguel \u00e9 o arquiteto que se encarregar\u00e1 de construir a escola. Valentina reclama com Ernesto por ele n\u00e3o ter informado que Jos\u00e9 Miguel era o respons\u00e1vel pela obra da escola e diz que est\u00e1 muito decepcionada com ele. Jos\u00e9 Miguel, furioso, invade o quarto de Valentina e a encontra tomando banho.<\/p>\n<p>(*) edi\u00e7\u00e3o do SBT, Novela \u201cA Dona\u201d, sujeito a altera\u00e7\u00e3o de data e conte\u00fado.<\/p>\n<p>Destaques<\/p>\n<p>&#8220;A Dona&#8221; &#8211; Valentina Vila\u00e7a (Lucero) \u00e9 uma mulher que tem uma grande fortuna, que seus pais deixaram para ela quando morreram em um acidente de carro. Ela tem uma mans\u00e3o na Cidade do M\u00e9xico, onde vive com sua tia Isabel Rangel de Dorantes (Silvia Pinal), e sua prima Ivana Dorantes Rangel (Gabriela Spanic) que trata Valentina com muita indiferen\u00e7a e sente inveja dela.<\/p>\n<p>Tudo muda para Valentina quando seu noivo Alonso Penalva (David Zepeda), tramando com Ivana no dia de seu casamento, a deixa esperando no altar. A partir da\u00ed, Valentina se torna uma mulher amarga, e vai para sua fazenda, no interior. Chegando l\u00e1, ela conhece seu vizinho Jos\u00e9 Miguel Montesinos (Fernando Colunga).<\/p>\n","protected":false},"excerpt":{"rendered":"<p>Resumo da novela \u201cA Dona&#8221; em 28\/05: no cap\u00edtulo 042(*) da novela, ter\u00e7a-feira, 28 de maio, Isabel confessa a Ivana seu noivado com Frederico. Ao inv\u00e9s de enaltecer a confian\u00e7a da m\u00e3e, Ivana diz que Leonor \u00e9 mesmo uma mulher extraordin\u00e1ria, pois apesar de saber o ocorrido entre o marido e Isabel, abriu as portas [&hellip;]<\/p>\n","protected":false},"author":4,"featured_media":173626,"comment_status":"open","ping_status":"closed","sticky":false,"template":"","format":"standard","meta":{"_genesis_hide_title":false,"_genesis_hide_breadcrumbs":false,"_genesis_hide_singular_image":false,"_genesis_hide_footer_widgets":false,"_genesis_custom_body_class":"","_genesis_custom_post_class":"","_genesis_layout":"","_jetpack_memberships_contains_paid_content":false,"footnotes":""},"categories":[379,372,343],"tags":[441],"class_list":{"0":"post-176703","1":"post","2":"type-post","3":"status-publish","4":"format-standard","5":"has-post-thumbnail","7":"category-novelas","8":"category-sbt","9":"category-televisao","10":"tag-resumo-do-dia","11":"entry","12":"gs-1","13":"gs-odd","14":"gs-even","15":"gs-featured-content-entry"},"jetpack_featured_media_url":"https:\/\/www.redenoticia.com.br\/noticia\/imagens\/a-dona-03.jpg","jetpack_sharing_enabled":true,"jetpack_likes_enabled":true,"_links":{"self":[{"href":"https:\/\/www.redenoticia.com.br\/noticia\/wp-json\/wp\/v2\/posts\/176703","targetHints":{"allow":["GET"]}}],"collection":[{"href":"https:\/\/www.redenoticia.com.br\/noticia\/wp-json\/wp\/v2\/posts"}],"about":[{"href":"https:\/\/www.redenoticia.com.br\/noticia\/wp-json\/wp\/v2\/types\/post"}],"author":[{"embeddable":true,"href":"https:\/\/www.redenoticia.com.br\/noticia\/wp-json\/wp\/v2\/users\/4"}],"replies":[{"embeddable":true,"href":"https:\/\/www.redenoticia.com.br\/noticia\/wp-json\/wp\/v2\/comments?post=176703"}],"version-history":[{"count":0,"href":"https:\/\/www.redenoticia.com.br\/noticia\/wp-json\/wp\/v2\/posts\/176703\/revisions"}],"wp:featuredmedia":[{"embeddable":true,"href":"https:\/\/www.redenoticia.com.br\/noticia\/wp-json\/wp\/v2\/media\/173626"}],"wp:attachment":[{"href":"https:\/\/www.redenoticia.com.br\/noticia\/wp-json\/wp\/v2\/media?parent=176703"}],"wp:term":[{"taxonomy":"category","embeddable":true,"href":"https:\/\/www.redenoticia.com.br\/noticia\/wp-json\/wp\/v2\/categories?post=176703"},{"taxonomy":"post_tag","embeddable":true,"href":"https:\/\/www.redenoticia.com.br\/noticia\/wp-json\/wp\/v2\/tags?post=176703"}],"curies":[{"name":"wp","href":"https:\/\/api.w.org\/{rel}","templated":true}]}}