{"id":176549,"date":"2019-05-23T14:39:57","date_gmt":"2019-05-23T17:39:57","guid":{"rendered":"https:\/\/www.redenoticia.com.br\/noticia\/?p=176549"},"modified":"2019-05-23T14:40:04","modified_gmt":"2019-05-23T17:40:04","slug":"resumo-novela-cumplices-de-um-resgate-24-05-marina-pede-para-damiao-conseguir-um-celular","status":"publish","type":"post","link":"https:\/\/www.redenoticia.com.br\/noticia\/2019\/resumo-novela-cumplices-de-um-resgate-24-05-marina-pede-para-damiao-conseguir-um-celular\/176549","title":{"rendered":"Resumo novela \u201cC\u00famplices de um Resgate\u201d 24\/05: Marina pede para Dami\u00e3o conseguir um celular"},"content":{"rendered":"<p><img loading=\"lazy\" decoding=\"async\" class=\"aligncenter size-large wp-image-164526\" src=\"https:\/\/www.redenoticia.com.br\/noticia\/imagens\/cumplices-de-um-resgate-001-316x300.jpg\" alt=\"\" width=\"316\" height=\"300\" srcset=\"https:\/\/www.redenoticia.com.br\/noticia\/imagens\/cumplices-de-um-resgate-001-316x300.jpg 316w, https:\/\/www.redenoticia.com.br\/noticia\/imagens\/cumplices-de-um-resgate-001-197x187.jpg 197w, https:\/\/www.redenoticia.com.br\/noticia\/imagens\/cumplices-de-um-resgate-001-150x143.jpg 150w, https:\/\/www.redenoticia.com.br\/noticia\/imagens\/cumplices-de-um-resgate-001.jpg 526w\" sizes=\"auto, (max-width: 316px) 100vw, 316px\" \/> Resumo novela \u201cC\u00famplices de um Resgate\u201d 24\/05 : no cap\u00edtulo 100(*) da novela, sexta-feira, 24 de maio, na empresa, Rebeca diz para Safira ser mais profissional e tentar parar de criar situa\u00e7\u00f5es para que ela brigue com Ot\u00e1vio, pois n\u00e3o ir\u00e1 conseguir. No carro de Regina, Manuela v\u00ea Rebeca na rua e chora. Meire vai ao apartamento dos Vaz e conta que viu atrav\u00e9s do telesc\u00f3pio de seu apartamento uma menina. Meire v\u00ea Isabela disfar\u00e7ada de menino e acredita na hist\u00f3ria de que \u201cele\u201d se chama Gabriel. A s\u00edndica diz para \u201cele\u201d confessar que \u00e9 o cabe\u00e7a do grupo e respons\u00e1vel por matar Flora. Isabela engrossa a voz e diz que \u00e9 isso mesmo. Meire vai embora assustada. Regina est\u00e1 preocupada e quer saber o que a Rebeca est\u00e1 fazendo na cidade.<\/p>\n<p>Helena diz para Clara que sua m\u00e3e fica tentando empurr\u00e1-la para o pastor Augusto e por isso fica preocupada de Flavia pensar que \u00e9 ela quem est\u00e1 interessada no religioso. Helena conversa com Flavia e se explica para a amiga, que compreende. No vilarejo, Of\u00e9lio conta para Nico que est\u00e1 triste por Marina nunca mais ter lhe procurado ou respondido suas mensagens. Marina diz para Manuela que pediu para Dami\u00e3o conseguir um celular e que levar\u00e1 o aparelho para ela ligar para Rebeca, revelar onde est\u00e1, mas pedir para ela tomar cuidado com as informa\u00e7\u00f5es pois est\u00e1 em perigo. Ao lado de Sabrina, Omar inventa para T\u00e9o que existe um \u00f3culos da cidade grande que faz com que cegos voltem a enxergar e que possui um para emprestar.<\/p>\n<p>Marina prepara uma torta com laxante para tirar os capangas de Regina dos p\u00e9s de Dami\u00e3o. Entediada em ficar sozinha em casa, Isabela se veste de menino para sair pelo pr\u00e9dio, mas \u00e9 capturado por Dinho, que pensa que ela \u00e9 um garoto mestre do grupo sat\u00e2nico, que \u00e9 como chamam os irm\u00e3os Vaz. Isabela, diz para Dinho soltar a corda dela, pois est\u00e1 machucando sua m\u00e3o. O rapaz faz o que ela pediu e Isabela consegue fugir. Omar entrega o falso \u00f3culos que promete fazer enxergar para T\u00e9o. O \u00f3culos \u00e9 de brinquedo, com a intens\u00e3o de ridicularizar ele na escola.<\/p>\n<p>(*) edi\u00e7\u00e3o do SBT, Novela \u201cC\u00famplices de um Resgate\u201d, sujeito a altera\u00e7\u00e3o de data e conte\u00fado.<\/p>\n","protected":false},"excerpt":{"rendered":"<p>Resumo novela \u201cC\u00famplices de um Resgate\u201d 24\/05 : no cap\u00edtulo 100(*) da novela, sexta-feira, 24 de maio, na empresa, Rebeca diz para Safira ser mais profissional e tentar parar de criar situa\u00e7\u00f5es para que ela brigue com Ot\u00e1vio, pois n\u00e3o ir\u00e1 conseguir. No carro de Regina, Manuela v\u00ea Rebeca na rua e chora. Meire vai [&hellip;]<\/p>\n","protected":false},"author":4,"featured_media":164526,"comment_status":"open","ping_status":"closed","sticky":false,"template":"","format":"standard","meta":{"_genesis_hide_title":false,"_genesis_hide_breadcrumbs":false,"_genesis_hide_singular_image":false,"_genesis_hide_footer_widgets":false,"_genesis_custom_body_class":"","_genesis_custom_post_class":"","_genesis_layout":"","_jetpack_memberships_contains_paid_content":false,"footnotes":""},"categories":[379,372,343],"tags":[441],"class_list":{"0":"post-176549","1":"post","2":"type-post","3":"status-publish","4":"format-standard","5":"has-post-thumbnail","7":"category-novelas","8":"category-sbt","9":"category-televisao","10":"tag-resumo-do-dia","11":"entry","12":"gs-1","13":"gs-odd","14":"gs-even","15":"gs-featured-content-entry"},"jetpack_featured_media_url":"https:\/\/www.redenoticia.com.br\/noticia\/imagens\/cumplices-de-um-resgate-001.jpg","jetpack_sharing_enabled":true,"jetpack_likes_enabled":true,"_links":{"self":[{"href":"https:\/\/www.redenoticia.com.br\/noticia\/wp-json\/wp\/v2\/posts\/176549","targetHints":{"allow":["GET"]}}],"collection":[{"href":"https:\/\/www.redenoticia.com.br\/noticia\/wp-json\/wp\/v2\/posts"}],"about":[{"href":"https:\/\/www.redenoticia.com.br\/noticia\/wp-json\/wp\/v2\/types\/post"}],"author":[{"embeddable":true,"href":"https:\/\/www.redenoticia.com.br\/noticia\/wp-json\/wp\/v2\/users\/4"}],"replies":[{"embeddable":true,"href":"https:\/\/www.redenoticia.com.br\/noticia\/wp-json\/wp\/v2\/comments?post=176549"}],"version-history":[{"count":0,"href":"https:\/\/www.redenoticia.com.br\/noticia\/wp-json\/wp\/v2\/posts\/176549\/revisions"}],"wp:featuredmedia":[{"embeddable":true,"href":"https:\/\/www.redenoticia.com.br\/noticia\/wp-json\/wp\/v2\/media\/164526"}],"wp:attachment":[{"href":"https:\/\/www.redenoticia.com.br\/noticia\/wp-json\/wp\/v2\/media?parent=176549"}],"wp:term":[{"taxonomy":"category","embeddable":true,"href":"https:\/\/www.redenoticia.com.br\/noticia\/wp-json\/wp\/v2\/categories?post=176549"},{"taxonomy":"post_tag","embeddable":true,"href":"https:\/\/www.redenoticia.com.br\/noticia\/wp-json\/wp\/v2\/tags?post=176549"}],"curies":[{"name":"wp","href":"https:\/\/api.w.org\/{rel}","templated":true}]}}