{"id":176496,"date":"2019-05-22T15:57:51","date_gmt":"2019-05-22T18:57:51","guid":{"rendered":"https:\/\/www.redenoticia.com.br\/noticia\/?p=176496"},"modified":"2019-05-22T15:57:57","modified_gmt":"2019-05-22T18:57:57","slug":"resumo-novela-as-aventuras-de-poliana-23-05-roger-descobre-que-gloria-esta-com-lapsos-de-memoria","status":"publish","type":"post","link":"https:\/\/www.redenoticia.com.br\/noticia\/2019\/resumo-novela-as-aventuras-de-poliana-23-05-roger-descobre-que-gloria-esta-com-lapsos-de-memoria\/176496","title":{"rendered":"Resumo novela \u201cAs Aventuras de Poliana\u201d 23\/05: Roger descobre que Gl\u00f3ria est\u00e1 com lapsos de mem\u00f3ria"},"content":{"rendered":"<p><strong><em><img loading=\"lazy\" decoding=\"async\" class=\"aligncenter size-large wp-image-148662\" src=\"https:\/\/www.redenoticia.com.br\/noticia\/imagens\/as-aventuras-de-poliana-novela-400x267.jpg\" alt=\"\" width=\"400\" height=\"267\" srcset=\"https:\/\/www.redenoticia.com.br\/noticia\/imagens\/as-aventuras-de-poliana-novela-400x267.jpg 400w, https:\/\/www.redenoticia.com.br\/noticia\/imagens\/as-aventuras-de-poliana-novela-250x167.jpg 250w, https:\/\/www.redenoticia.com.br\/noticia\/imagens\/as-aventuras-de-poliana-novela-150x100.jpg 150w, https:\/\/www.redenoticia.com.br\/noticia\/imagens\/as-aventuras-de-poliana-novela.jpg 600w\" sizes=\"auto, (max-width: 400px) 100vw, 400px\" \/>Resumo novela \u201cAs Aventuras de Poliana\u201d 23\/05 <\/em><\/strong>: no cap\u00edtulo 267(*) da novela, resumo de quinta-feira, 23 de maio, Nanci recebe sua primeira encomenda para vender seus doces e fica radiante. Mirela grava um v\u00eddeo para ajudar a fam\u00edlia de Vini. Gabi procura Mirela e diz que n\u00e3o vai deix\u00e1-la roubar o Vin\u00edcius dela, assim como fez com o gr\u00eamio. Pendleton conta a Poliana que n\u00e3o tem tempo para relacionamentos. D\u00e9bora continua provocando Lu\u00edsa e faz revela\u00e7\u00f5es do passado na frente de todos. Mirela e Gabi discutem feio. Lu\u00edsa, brava, questiona Marcelo sobre o porqu\u00ea Nadine estava na casa dele, j\u00e1 que ela postou uma fotos nas redes sociais.<\/p>\n<p>Roger tenta se aproximar de Guilherme e o convida para andar de bicicleta junto com ele. Al\u00e9m disso, ele sugere convidar Raquel e sua fam\u00edlia para jantar em sua casa. D\u00e9bora diz a Roger que Gl\u00f3ria anda tendo lapsos de mem\u00f3ria. Lu\u00edsa chora lembrando da reuni\u00e3o traum\u00e1tica com D\u00e9bora e abra\u00e7a Marcelo. Durval e Claudia d\u00e3o um tempo em seu relacionamento. Ela entra em casa e desabafa com Yasmin, triste. Marcelo aconselha Lu\u00edsa, com todo o amor. Filipa surta com a bagun\u00e7a de D\u00e9bora em seu quarto. Pendleton conversa com Sara e diz que as crian\u00e7as est\u00e3o perto demais de descobrirem seus segredos.<\/p>\n<p>(*) edi\u00e7\u00e3o do SBT, Novela \u201cAs Aventuras de Poliana\u201d, sujeito a altera\u00e7\u00e3o de data e conte\u00fado.<\/p>\n<p>Poliana \u00e9 uma menina extrovertida e de bom cora\u00e7\u00e3o que viajava o Brasil com seus pais, Lorenzo e Alice, no grupo circense Trupe Vagalume. Aos onze anos a garota v\u00ea seu mundo desabar quando seus pais falecem e ela tem que ir morar em S\u00e3o Paulo com sua tia Lu\u00edsa, uma mulher rica e severa, a qual ela n\u00e3o conhecia e que n\u00e3o queria cuidar dela, embora sinta que \u00e9 sua obriga\u00e7\u00e3o pela alma de sua irm\u00e3. Apesar do jeito da rigidez da tia, Poliana decide ter uma vis\u00e3o positiva e inabal\u00e1vel da vida, mesmo nos momentos de dificuldade, tentando levar um pouco de felicidade para a vida de cada um dos seus novos amigos e vizinhos, como o Sr. Pendleton, um homem rico e infeliz por nunca ter tido filhos. Ela vai estudar no col\u00e9gio de Ruth, uma diretora de bom cora\u00e7\u00e3o que a ajuda a se adaptar, mas tem que lidar com as vilanias de Mirela, garota mais velha que n\u00e3o aceita perder a popularidade para uma novata.<\/p>\n","protected":false},"excerpt":{"rendered":"<p>Resumo novela \u201cAs Aventuras de Poliana\u201d 23\/05 : no cap\u00edtulo 267(*) da novela, resumo de quinta-feira, 23 de maio, Nanci recebe sua primeira encomenda para vender seus doces e fica radiante. Mirela grava um v\u00eddeo para ajudar a fam\u00edlia de Vini. Gabi procura Mirela e diz que n\u00e3o vai deix\u00e1-la roubar o Vin\u00edcius dela, assim [&hellip;]<\/p>\n","protected":false},"author":4,"featured_media":148663,"comment_status":"open","ping_status":"closed","sticky":false,"template":"","format":"standard","meta":{"_genesis_hide_title":false,"_genesis_hide_breadcrumbs":false,"_genesis_hide_singular_image":false,"_genesis_hide_footer_widgets":false,"_genesis_custom_body_class":"","_genesis_custom_post_class":"","_genesis_layout":"","_jetpack_memberships_contains_paid_content":false,"footnotes":""},"categories":[477,379,372,343],"tags":[441],"class_list":{"0":"post-176496","1":"post","2":"type-post","3":"status-publish","4":"format-standard","5":"has-post-thumbnail","7":"category-as-aventuras-de-poliana","8":"category-novelas","9":"category-sbt","10":"category-televisao","11":"tag-resumo-do-dia","12":"entry","13":"gs-1","14":"gs-odd","15":"gs-even","16":"gs-featured-content-entry"},"jetpack_featured_media_url":"https:\/\/www.redenoticia.com.br\/noticia\/imagens\/as-aventuras-de-poliana-sbt.jpg","jetpack_sharing_enabled":true,"jetpack_likes_enabled":true,"_links":{"self":[{"href":"https:\/\/www.redenoticia.com.br\/noticia\/wp-json\/wp\/v2\/posts\/176496","targetHints":{"allow":["GET"]}}],"collection":[{"href":"https:\/\/www.redenoticia.com.br\/noticia\/wp-json\/wp\/v2\/posts"}],"about":[{"href":"https:\/\/www.redenoticia.com.br\/noticia\/wp-json\/wp\/v2\/types\/post"}],"author":[{"embeddable":true,"href":"https:\/\/www.redenoticia.com.br\/noticia\/wp-json\/wp\/v2\/users\/4"}],"replies":[{"embeddable":true,"href":"https:\/\/www.redenoticia.com.br\/noticia\/wp-json\/wp\/v2\/comments?post=176496"}],"version-history":[{"count":0,"href":"https:\/\/www.redenoticia.com.br\/noticia\/wp-json\/wp\/v2\/posts\/176496\/revisions"}],"wp:featuredmedia":[{"embeddable":true,"href":"https:\/\/www.redenoticia.com.br\/noticia\/wp-json\/wp\/v2\/media\/148663"}],"wp:attachment":[{"href":"https:\/\/www.redenoticia.com.br\/noticia\/wp-json\/wp\/v2\/media?parent=176496"}],"wp:term":[{"taxonomy":"category","embeddable":true,"href":"https:\/\/www.redenoticia.com.br\/noticia\/wp-json\/wp\/v2\/categories?post=176496"},{"taxonomy":"post_tag","embeddable":true,"href":"https:\/\/www.redenoticia.com.br\/noticia\/wp-json\/wp\/v2\/tags?post=176496"}],"curies":[{"name":"wp","href":"https:\/\/api.w.org\/{rel}","templated":true}]}}