{"id":176492,"date":"2019-05-22T15:55:37","date_gmt":"2019-05-22T18:55:37","guid":{"rendered":"https:\/\/www.redenoticia.com.br\/noticia\/?p=176492"},"modified":"2019-05-22T15:55:45","modified_gmt":"2019-05-22T18:55:45","slug":"resumo-novela-a-dona-23-05-rodrigo-ameaca-maria-da-luz","status":"publish","type":"post","link":"https:\/\/www.redenoticia.com.br\/noticia\/2019\/resumo-novela-a-dona-23-05-rodrigo-ameaca-maria-da-luz\/176492","title":{"rendered":"Resumo novela \u201cA Dona\u201d 23\/05: Rodrigo amea\u00e7a Maria da Luz"},"content":{"rendered":"<p><img loading=\"lazy\" decoding=\"async\" class=\"aligncenter size-large wp-image-173633\" src=\"https:\/\/www.redenoticia.com.br\/noticia\/imagens\/a-dona-270x300.jpg\" alt=\"\" width=\"270\" height=\"300\" srcset=\"https:\/\/www.redenoticia.com.br\/noticia\/imagens\/a-dona-270x300.jpg 270w, https:\/\/www.redenoticia.com.br\/noticia\/imagens\/a-dona-168x187.jpg 168w, https:\/\/www.redenoticia.com.br\/noticia\/imagens\/a-dona.jpg 380w\" sizes=\"auto, (max-width: 270px) 100vw, 270px\" \/>Resumo da novela <strong><em>\u201cA Dona&#8221;<\/em><\/strong> em 23\/05: no cap\u00edtulo 039(*) da novela, quinta-feira, 23 de maio, Moises avisa Enriqueta que apoiar\u00e1 Sandra ainda que isso custe seu casamento. Enriqueta ent\u00e3o afirma que se Sandra for, ela ir\u00e1 com a filha. Sandra surpreende Ivana e Hor\u00e1cio abra\u00e7ados e exige uma explica\u00e7\u00e3o. Hor\u00e1cio diz que Ivana e ele se amam, por isso que terminou com ela. Sandra, chorando, diz a Ivana que ela sempre foi uma fingida, e que a amizade era apenas um pretexto para se aproximar de seu noivo. Hor\u00e1cio diz a Ivana que eles devem assumir para o mundo essa rela\u00e7\u00e3o.<\/p>\n<p>Ivana pergunta se Jos\u00e9 sabe do sentimento que Hor\u00e1cio sente por ela. Ele diz que sim e Ivana se zanga. Ela grita que jamais disse amar Hor\u00e1cio, e o que existiu entre eles acabou. Valentina diz a Maria da Luz que foi testemunha do que Rodrigo queria fazer com ela, e pede que se ele tentar de novo, que a conte de imediato. Maria da Luz, agradecida, diz que Valentina \u00e9 muito linda e boa. Sabino, furioso, adverte Valentina que deixe Jos\u00e9 em paz. Rodrigo amea\u00e7a Maria da Luz, e diz que ela ser\u00e1 dele querendo ou n\u00e3o.<\/p>\n<p>(*) edi\u00e7\u00e3o do SBT, Novela \u201cA Dona\u201d, sujeito a altera\u00e7\u00e3o de data e conte\u00fado.<\/p>\n<p>Destaques<\/p>\n<p>&#8220;A Dona&#8221; &#8211; Valentina Vila\u00e7a (Lucero) \u00e9 uma mulher que tem uma grande fortuna, que seus pais deixaram para ela quando morreram em um acidente de carro. Ela tem uma mans\u00e3o na Cidade do M\u00e9xico, onde vive com sua tia Isabel Rangel de Dorantes (Silvia Pinal), e sua prima Ivana Dorantes Rangel (Gabriela Spanic) que trata Valentina com muita indiferen\u00e7a e sente inveja dela.<\/p>\n<p>Tudo muda para Valentina quando seu noivo Alonso Penalva (David Zepeda), tramando com Ivana no dia de seu casamento, a deixa esperando no altar. A partir da\u00ed, Valentina se torna uma mulher amarga, e vai para sua fazenda, no interior. Chegando l\u00e1, ela conhece seu vizinho Jos\u00e9 Miguel Montesinos (Fernando Colunga).<\/p>\n","protected":false},"excerpt":{"rendered":"<p>Resumo da novela \u201cA Dona&#8221; em 23\/05: no cap\u00edtulo 039(*) da novela, quinta-feira, 23 de maio, Moises avisa Enriqueta que apoiar\u00e1 Sandra ainda que isso custe seu casamento. Enriqueta ent\u00e3o afirma que se Sandra for, ela ir\u00e1 com a filha. Sandra surpreende Ivana e Hor\u00e1cio abra\u00e7ados e exige uma explica\u00e7\u00e3o. Hor\u00e1cio diz que Ivana e [&hellip;]<\/p>\n","protected":false},"author":4,"featured_media":173626,"comment_status":"open","ping_status":"closed","sticky":false,"template":"","format":"standard","meta":{"_genesis_hide_title":false,"_genesis_hide_breadcrumbs":false,"_genesis_hide_singular_image":false,"_genesis_hide_footer_widgets":false,"_genesis_custom_body_class":"","_genesis_custom_post_class":"","_genesis_layout":"","_jetpack_memberships_contains_paid_content":false,"footnotes":""},"categories":[379,372,343],"tags":[441],"class_list":{"0":"post-176492","1":"post","2":"type-post","3":"status-publish","4":"format-standard","5":"has-post-thumbnail","7":"category-novelas","8":"category-sbt","9":"category-televisao","10":"tag-resumo-do-dia","11":"entry","12":"gs-1","13":"gs-odd","14":"gs-even","15":"gs-featured-content-entry"},"jetpack_featured_media_url":"https:\/\/www.redenoticia.com.br\/noticia\/imagens\/a-dona-03.jpg","jetpack_sharing_enabled":true,"jetpack_likes_enabled":true,"_links":{"self":[{"href":"https:\/\/www.redenoticia.com.br\/noticia\/wp-json\/wp\/v2\/posts\/176492","targetHints":{"allow":["GET"]}}],"collection":[{"href":"https:\/\/www.redenoticia.com.br\/noticia\/wp-json\/wp\/v2\/posts"}],"about":[{"href":"https:\/\/www.redenoticia.com.br\/noticia\/wp-json\/wp\/v2\/types\/post"}],"author":[{"embeddable":true,"href":"https:\/\/www.redenoticia.com.br\/noticia\/wp-json\/wp\/v2\/users\/4"}],"replies":[{"embeddable":true,"href":"https:\/\/www.redenoticia.com.br\/noticia\/wp-json\/wp\/v2\/comments?post=176492"}],"version-history":[{"count":0,"href":"https:\/\/www.redenoticia.com.br\/noticia\/wp-json\/wp\/v2\/posts\/176492\/revisions"}],"wp:featuredmedia":[{"embeddable":true,"href":"https:\/\/www.redenoticia.com.br\/noticia\/wp-json\/wp\/v2\/media\/173626"}],"wp:attachment":[{"href":"https:\/\/www.redenoticia.com.br\/noticia\/wp-json\/wp\/v2\/media?parent=176492"}],"wp:term":[{"taxonomy":"category","embeddable":true,"href":"https:\/\/www.redenoticia.com.br\/noticia\/wp-json\/wp\/v2\/categories?post=176492"},{"taxonomy":"post_tag","embeddable":true,"href":"https:\/\/www.redenoticia.com.br\/noticia\/wp-json\/wp\/v2\/tags?post=176492"}],"curies":[{"name":"wp","href":"https:\/\/api.w.org\/{rel}","templated":true}]}}