{"id":176428,"date":"2019-05-21T15:32:50","date_gmt":"2019-05-21T18:32:50","guid":{"rendered":"https:\/\/www.redenoticia.com.br\/noticia\/?p=176428"},"modified":"2019-05-21T15:32:54","modified_gmt":"2019-05-21T18:32:54","slug":"resumo-novela-as-aventuras-de-poliana-22-05-sophie-tem-um-braco-bionico","status":"publish","type":"post","link":"https:\/\/www.redenoticia.com.br\/noticia\/2019\/resumo-novela-as-aventuras-de-poliana-22-05-sophie-tem-um-braco-bionico\/176428","title":{"rendered":"Resumo novela \u201cAs Aventuras de Poliana\u201d 22\/05: Sophie tem um bra\u00e7o bi\u00f4nico"},"content":{"rendered":"<p><strong><em><img loading=\"lazy\" decoding=\"async\" class=\"aligncenter size-large wp-image-148662\" src=\"https:\/\/www.redenoticia.com.br\/noticia\/imagens\/as-aventuras-de-poliana-novela-400x267.jpg\" alt=\"\" width=\"400\" height=\"267\" srcset=\"https:\/\/www.redenoticia.com.br\/noticia\/imagens\/as-aventuras-de-poliana-novela-400x267.jpg 400w, https:\/\/www.redenoticia.com.br\/noticia\/imagens\/as-aventuras-de-poliana-novela-250x167.jpg 250w, https:\/\/www.redenoticia.com.br\/noticia\/imagens\/as-aventuras-de-poliana-novela-150x100.jpg 150w, https:\/\/www.redenoticia.com.br\/noticia\/imagens\/as-aventuras-de-poliana-novela.jpg 600w\" sizes=\"auto, (max-width: 400px) 100vw, 400px\" \/>Resumo novela \u201cAs Aventuras de Poliana\u201d 22\/05 <\/em><\/strong>: no cap\u00edtulo 266(*) da novela, resumo de quarta-feira, 22 de maio, Filipa reclama por D\u00e9bora estar ocupando seu quarto. Arlete come\u00e7a a reclamar da casa de Gleyce. Poliana e Jo\u00e3o desconfiam dos encontros escondidos de Lu\u00edsa e Marcelo (Jo\u00e3o acha que ele est\u00e1 saindo com Nadine). Gleyce pede para Jeff esquecer aquilo que Ciro lhe disse antes de morrer. Raquel se anima por Fernanda conseguir um apartamento e ela ter um quarto s\u00f3 para ela. Ruth e Bento jogam xadrez juntos. A pulseira de Sophie continua n\u00e3o funcionando e seu bra\u00e7o a incomoda. Ela procura Pendleton para resolver o problema.<\/p>\n<p>S\u00e9rgio se irrita em casa para poder dar continuidade ao projeto e Joana se revolta. Nadine vai \u00e0 casa de Marcelo e leva um jogo para ele e Jo\u00e3o. Lorena desabafa com Poliana sobre estar triste por seus pais n\u00e3o ficarem juntos. \u00c9 revelado que Sophie tem um bra\u00e7o bi\u00f4nico. Nadine, Jo\u00e3o e Marcelo jogam juntos. Afonso mostra que Claudia est\u00e1 ativa no aplicativo de relacionamento que ele est\u00e1 usando. Em um encontro na escola, Claudia e Fernanda brigam. Enquanto isso, D\u00e9bora provoca Lu\u00edsa. Poliana pergunta para Pendleton se ele e sua tia est\u00e3o namorando.<\/p>\n<p>(*) edi\u00e7\u00e3o do SBT, Novela \u201cAs Aventuras de Poliana\u201d, sujeito a altera\u00e7\u00e3o de data e conte\u00fado.<\/p>\n<p>Poliana \u00e9 uma menina extrovertida e de bom cora\u00e7\u00e3o que viajava o Brasil com seus pais, Lorenzo e Alice, no grupo circense Trupe Vagalume. Aos onze anos a garota v\u00ea seu mundo desabar quando seus pais falecem e ela tem que ir morar em S\u00e3o Paulo com sua tia Lu\u00edsa, uma mulher rica e severa, a qual ela n\u00e3o conhecia e que n\u00e3o queria cuidar dela, embora sinta que \u00e9 sua obriga\u00e7\u00e3o pela alma de sua irm\u00e3. Apesar do jeito da rigidez da tia, Poliana decide ter uma vis\u00e3o positiva e inabal\u00e1vel da vida, mesmo nos momentos de dificuldade, tentando levar um pouco de felicidade para a vida de cada um dos seus novos amigos e vizinhos, como o Sr. Pendleton, um homem rico e infeliz por nunca ter tido filhos. Ela vai estudar no col\u00e9gio de Ruth, uma diretora de bom cora\u00e7\u00e3o que a ajuda a se adaptar, mas tem que lidar com as vilanias de Mirela, garota mais velha que n\u00e3o aceita perder a popularidade para uma novata.<\/p>\n","protected":false},"excerpt":{"rendered":"<p>Resumo novela \u201cAs Aventuras de Poliana\u201d 22\/05 : no cap\u00edtulo 266(*) da novela, resumo de quarta-feira, 22 de maio, Filipa reclama por D\u00e9bora estar ocupando seu quarto. Arlete come\u00e7a a reclamar da casa de Gleyce. Poliana e Jo\u00e3o desconfiam dos encontros escondidos de Lu\u00edsa e Marcelo (Jo\u00e3o acha que ele est\u00e1 saindo com Nadine). Gleyce [&hellip;]<\/p>\n","protected":false},"author":4,"featured_media":148663,"comment_status":"open","ping_status":"closed","sticky":false,"template":"","format":"standard","meta":{"_genesis_hide_title":false,"_genesis_hide_breadcrumbs":false,"_genesis_hide_singular_image":false,"_genesis_hide_footer_widgets":false,"_genesis_custom_body_class":"","_genesis_custom_post_class":"","_genesis_layout":"","_jetpack_memberships_contains_paid_content":false,"footnotes":""},"categories":[477,379,372,343],"tags":[441],"class_list":{"0":"post-176428","1":"post","2":"type-post","3":"status-publish","4":"format-standard","5":"has-post-thumbnail","7":"category-as-aventuras-de-poliana","8":"category-novelas","9":"category-sbt","10":"category-televisao","11":"tag-resumo-do-dia","12":"entry","13":"gs-1","14":"gs-odd","15":"gs-even","16":"gs-featured-content-entry"},"jetpack_featured_media_url":"https:\/\/www.redenoticia.com.br\/noticia\/imagens\/as-aventuras-de-poliana-sbt.jpg","jetpack_sharing_enabled":true,"jetpack_likes_enabled":true,"_links":{"self":[{"href":"https:\/\/www.redenoticia.com.br\/noticia\/wp-json\/wp\/v2\/posts\/176428","targetHints":{"allow":["GET"]}}],"collection":[{"href":"https:\/\/www.redenoticia.com.br\/noticia\/wp-json\/wp\/v2\/posts"}],"about":[{"href":"https:\/\/www.redenoticia.com.br\/noticia\/wp-json\/wp\/v2\/types\/post"}],"author":[{"embeddable":true,"href":"https:\/\/www.redenoticia.com.br\/noticia\/wp-json\/wp\/v2\/users\/4"}],"replies":[{"embeddable":true,"href":"https:\/\/www.redenoticia.com.br\/noticia\/wp-json\/wp\/v2\/comments?post=176428"}],"version-history":[{"count":0,"href":"https:\/\/www.redenoticia.com.br\/noticia\/wp-json\/wp\/v2\/posts\/176428\/revisions"}],"wp:featuredmedia":[{"embeddable":true,"href":"https:\/\/www.redenoticia.com.br\/noticia\/wp-json\/wp\/v2\/media\/148663"}],"wp:attachment":[{"href":"https:\/\/www.redenoticia.com.br\/noticia\/wp-json\/wp\/v2\/media?parent=176428"}],"wp:term":[{"taxonomy":"category","embeddable":true,"href":"https:\/\/www.redenoticia.com.br\/noticia\/wp-json\/wp\/v2\/categories?post=176428"},{"taxonomy":"post_tag","embeddable":true,"href":"https:\/\/www.redenoticia.com.br\/noticia\/wp-json\/wp\/v2\/tags?post=176428"}],"curies":[{"name":"wp","href":"https:\/\/api.w.org\/{rel}","templated":true}]}}