{"id":176424,"date":"2019-05-21T15:30:50","date_gmt":"2019-05-21T18:30:50","guid":{"rendered":"https:\/\/www.redenoticia.com.br\/noticia\/?p=176424"},"modified":"2019-05-21T15:30:56","modified_gmt":"2019-05-21T18:30:56","slug":"resumo-novela-a-dona-22-05-ivana-diz-a-jose-miguel-que-o-ama","status":"publish","type":"post","link":"https:\/\/www.redenoticia.com.br\/noticia\/2019\/resumo-novela-a-dona-22-05-ivana-diz-a-jose-miguel-que-o-ama\/176424","title":{"rendered":"Resumo novela \u201cA Dona\u201d 22\/05: Ivana diz a Jos\u00e9 Miguel que o ama"},"content":{"rendered":"<p><img loading=\"lazy\" decoding=\"async\" class=\"aligncenter size-large wp-image-173633\" src=\"https:\/\/www.redenoticia.com.br\/noticia\/imagens\/a-dona-270x300.jpg\" alt=\"\" width=\"270\" height=\"300\" srcset=\"https:\/\/www.redenoticia.com.br\/noticia\/imagens\/a-dona-270x300.jpg 270w, https:\/\/www.redenoticia.com.br\/noticia\/imagens\/a-dona-168x187.jpg 168w, https:\/\/www.redenoticia.com.br\/noticia\/imagens\/a-dona.jpg 380w\" sizes=\"auto, (max-width: 270px) 100vw, 270px\" \/>Resumo da novela <strong><em>\u201cA Dona&#8221;<\/em><\/strong> em 22\/05: no cap\u00edtulo 038(*) da novela, quarta-feira, 22 de maio, Valentina vai ao mercado comprar frutas e se negam a vender para ela. Ernesto fica com ci\u00fames ao ver Isabel e Frederico conversando a s\u00f3s e sorrindo. Sandra tenta explicar sua situa\u00e7\u00e3o a Felipe, mas ele a trata com descaso, dizendo que tem muitos pacientes. Jos\u00e9 Miguel se aproxima de Valentina e a diz que adoraria que ela o dissesse que foi a cabana para recordar dos bons momentos que eles viveram l\u00e1 juntos. Valentina, furiosa, diz que ele \u00e9 um imbecil e quando vai dizer o motivo pelo qual voltou a cabana, Jesus os interrompe. Cristina expulsa Rodrigo de sua casa e ele diz que, e ela n\u00e3o o perdoar, abusar\u00e1 de Maria da Luz e falar\u00e1 a Valentina que Maria mentiu. Rodrigo sai e diz que o filho que Cristina espera nem deve ser dele. Ivana, hip\u00f3crita, diz a Jos\u00e9 Miguel que o ama. Ele responde que n\u00e3o acredita nela, pois a viu no mesmo dia saindo com Hor\u00e1cio.<\/p>\n<p>Ivana diz que estava indo terminar com ele, pois n\u00e3o tinha mais como manterem qualquer rela\u00e7\u00e3o, ainda mais amando Jos\u00e9. Jos\u00e9 Miguel finaliza afirmando que Ivana se apaixona com muita facilidade, e que n\u00e3o pode correspond\u00ea-la. O rumor de que Hor\u00e1cio e Jos\u00e9 apostaram para ver quem conquistava primeiro Valentina se espalha. Jos\u00e9 Miguel observa ao longe Valentina nadando no rio. Ernesto diz a Isabel que Frederico a admira muito e que esse sentimento parece ser m\u00fatuo. Isabel responde que gosta muito de Frederico. Ernesto diz que queria muito que Isabel sentisse por ele o mesmo que sente por Frederico. Leonor diz a Frederico que Ernesto est\u00e1 completamente apaixonado por Isabel, e que ela o corresponde. Frederico ent\u00e3o fala que faz gosto disso, pois Isabel merece um homem que a fa\u00e7a muito feliz. Mois\u00e9s e Sandra falam sobre os planos de viajem da garota. Enriqueta os escuta e diz a Mois\u00e9s que Sandra \u00e9 ainda muito dependente e n\u00e3o pode ficar sem seus cuidados.<\/p>\n<p>(*) edi\u00e7\u00e3o do SBT, Novela \u201cA Dona\u201d, sujeito a altera\u00e7\u00e3o de data e conte\u00fado.<\/p>\n<p>Destaques<\/p>\n<p>&#8220;A Dona&#8221; &#8211; Valentina Vila\u00e7a (Lucero) \u00e9 uma mulher que tem uma grande fortuna, que seus pais deixaram para ela quando morreram em um acidente de carro. Ela tem uma mans\u00e3o na Cidade do M\u00e9xico, onde vive com sua tia Isabel Rangel de Dorantes (Silvia Pinal), e sua prima Ivana Dorantes Rangel (Gabriela Spanic) que trata Valentina com muita indiferen\u00e7a e sente inveja dela.<\/p>\n<p>Tudo muda para Valentina quando seu noivo Alonso Penalva (David Zepeda), tramando com Ivana no dia de seu casamento, a deixa esperando no altar. A partir da\u00ed, Valentina se torna uma mulher amarga, e vai para sua fazenda, no interior. Chegando l\u00e1, ela conhece seu vizinho Jos\u00e9 Miguel Montesinos (Fernando Colunga).<\/p>\n","protected":false},"excerpt":{"rendered":"<p>Resumo da novela \u201cA Dona&#8221; em 22\/05: no cap\u00edtulo 038(*) da novela, quarta-feira, 22 de maio, Valentina vai ao mercado comprar frutas e se negam a vender para ela. Ernesto fica com ci\u00fames ao ver Isabel e Frederico conversando a s\u00f3s e sorrindo. Sandra tenta explicar sua situa\u00e7\u00e3o a Felipe, mas ele a trata com [&hellip;]<\/p>\n","protected":false},"author":4,"featured_media":173626,"comment_status":"open","ping_status":"closed","sticky":false,"template":"","format":"standard","meta":{"_genesis_hide_title":false,"_genesis_hide_breadcrumbs":false,"_genesis_hide_singular_image":false,"_genesis_hide_footer_widgets":false,"_genesis_custom_body_class":"","_genesis_custom_post_class":"","_genesis_layout":"","_jetpack_memberships_contains_paid_content":false,"footnotes":""},"categories":[379,372,343],"tags":[441],"class_list":{"0":"post-176424","1":"post","2":"type-post","3":"status-publish","4":"format-standard","5":"has-post-thumbnail","7":"category-novelas","8":"category-sbt","9":"category-televisao","10":"tag-resumo-do-dia","11":"entry","12":"gs-1","13":"gs-odd","14":"gs-even","15":"gs-featured-content-entry"},"jetpack_featured_media_url":"https:\/\/www.redenoticia.com.br\/noticia\/imagens\/a-dona-03.jpg","jetpack_sharing_enabled":true,"jetpack_likes_enabled":true,"_links":{"self":[{"href":"https:\/\/www.redenoticia.com.br\/noticia\/wp-json\/wp\/v2\/posts\/176424","targetHints":{"allow":["GET"]}}],"collection":[{"href":"https:\/\/www.redenoticia.com.br\/noticia\/wp-json\/wp\/v2\/posts"}],"about":[{"href":"https:\/\/www.redenoticia.com.br\/noticia\/wp-json\/wp\/v2\/types\/post"}],"author":[{"embeddable":true,"href":"https:\/\/www.redenoticia.com.br\/noticia\/wp-json\/wp\/v2\/users\/4"}],"replies":[{"embeddable":true,"href":"https:\/\/www.redenoticia.com.br\/noticia\/wp-json\/wp\/v2\/comments?post=176424"}],"version-history":[{"count":0,"href":"https:\/\/www.redenoticia.com.br\/noticia\/wp-json\/wp\/v2\/posts\/176424\/revisions"}],"wp:featuredmedia":[{"embeddable":true,"href":"https:\/\/www.redenoticia.com.br\/noticia\/wp-json\/wp\/v2\/media\/173626"}],"wp:attachment":[{"href":"https:\/\/www.redenoticia.com.br\/noticia\/wp-json\/wp\/v2\/media?parent=176424"}],"wp:term":[{"taxonomy":"category","embeddable":true,"href":"https:\/\/www.redenoticia.com.br\/noticia\/wp-json\/wp\/v2\/categories?post=176424"},{"taxonomy":"post_tag","embeddable":true,"href":"https:\/\/www.redenoticia.com.br\/noticia\/wp-json\/wp\/v2\/tags?post=176424"}],"curies":[{"name":"wp","href":"https:\/\/api.w.org\/{rel}","templated":true}]}}