{"id":176376,"date":"2019-05-20T15:29:58","date_gmt":"2019-05-20T18:29:58","guid":{"rendered":"https:\/\/www.redenoticia.com.br\/noticia\/?p=176376"},"modified":"2019-05-20T15:30:07","modified_gmt":"2019-05-20T18:30:07","slug":"resumo-novela-a-que-nao-podia-amar-21-05-ana-paula-encontra-os-pertences-de-gustavo","status":"publish","type":"post","link":"https:\/\/www.redenoticia.com.br\/noticia\/2019\/resumo-novela-a-que-nao-podia-amar-21-05-ana-paula-encontra-os-pertences-de-gustavo\/176376","title":{"rendered":"Resumo novela \u201cA Que N\u00e3o Podia Amar\u201d 21\/05: Ana Paula encontra os pertences de Gustavo"},"content":{"rendered":"<p><strong><em><img loading=\"lazy\" decoding=\"async\" class=\"aligncenter size-large wp-image-173635\" src=\"https:\/\/www.redenoticia.com.br\/noticia\/imagens\/a-que-nao-podia-amar-400x271.jpg\" alt=\"\" width=\"400\" height=\"271\" srcset=\"https:\/\/www.redenoticia.com.br\/noticia\/imagens\/a-que-nao-podia-amar-400x271.jpg 400w, https:\/\/www.redenoticia.com.br\/noticia\/imagens\/a-que-nao-podia-amar-250x169.jpg 250w, https:\/\/www.redenoticia.com.br\/noticia\/imagens\/a-que-nao-podia-amar-560x379.jpg 560w, https:\/\/www.redenoticia.com.br\/noticia\/imagens\/a-que-nao-podia-amar.jpg 620w\" sizes=\"auto, (max-width: 400px) 100vw, 400px\" \/><\/em><\/strong><\/p>\n<p>Resumo da novela<strong><em> \u201cA Que N\u00e3o Podia Amar\u201d&nbsp;<\/em><\/strong> em 21\/05: no cap\u00edtulo 032(*) da novela, ter\u00e7a-feira, 21 de maio, Rog\u00e9rio e Ana Paula est\u00e3o juntos na cama, ele lhe diz que sempre quer amanhecer ao seu lado e com do\u00e7ura a beija na testa. Enquanto isso, C\u00edntia se encontra preocupada pelos conflitos que h\u00e1 no Hotel e pergunta a David o que ele vai fazer, ainda que n\u00e3o tenham uma solu\u00e7\u00e3o, sabe que n\u00e3o resolver esse problema ocasionar\u00e1 um preju\u00edzo milion\u00e1rio, ambos se abra\u00e7am e nesse momento chega Gustavo, quem entra no escrit\u00f3rio sem avisar e encontra os dois juntos. Gustavo conta que cancelaram o projeto. Depois de revisar alguns pap\u00e9is, C\u00edntia se d\u00e1 conta de que seu namorado est\u00e1 envolvido em neg\u00f3cios turvos, por isso decide devolver o anel de compromisso argumentando que n\u00e3o pode estar ao lado de uma pessoa desonesta.<\/p>\n<p>Ana Paula est\u00e1 iludida pela maneira como v\u00e3o as coisas com Rog\u00e9rio e confessa a Daniela que est\u00e1 come\u00e7ando a am\u00e1-lo, pois acabaram dormindo juntos depois do jantar rom\u00e2ntico. Frederico est\u00e1 tomando caf\u00e9 da manh\u00e3 com Vanessa e lhe conta que acaba de descobrir que tem outra filha. Por sua parte, Bruno p\u00f5e em pr\u00e1tica um plano para separar Ana Paula e Rog\u00e9rio e sem que ningu\u00e9m perceba, esconde numa das gavetas da fazenda, a carteira e o rel\u00f3gio de Gustavo para acusar Rog\u00e9rio de ser o respons\u00e1vel pelo roubo desses objetos. Momentos depois, Ana Paula chega no escrit\u00f3rio e encontra os pertences do seu ex-namorado.<\/p>\n<p>(*) edi\u00e7\u00e3o do SBT, Novela \u201cA Que N\u00e3o Podia Amar\u201d, sujeito a altera\u00e7\u00e3o de data e conte\u00fado.<\/p>\n<p>Destaques<\/p>\n<p>&#8220;A Que N\u00e3o Podia Amar&#8221;- Ana Paula, uma enfermeira humilde que se v\u00ea obrigada a trabalhar na casa de Rog\u00e9rio Montero (Jorge Salinas), um homem amargurado. Rog\u00e9rio sofre por ser parapl\u00e9gico e destrata todas as pessoas. Ana Paula atura tudo calada e o rica\u00e7o se apaixona por ela.<\/p>\n<p>Ana conhece Gustavo Duran (Jos\u00e9 Ron), um engenheiro nobre e trabalhador. Os dois se apaixonam, mas ter\u00e3o de enfrentar Rog\u00e9rio, j\u00e1 que ele tamb\u00e9m gosta da mocinha, formando assim, um tri\u00e2ngulo amoroso com terr\u00edveis consequ\u00eancias.<\/p>\n","protected":false},"excerpt":{"rendered":"<p>Resumo da novela \u201cA Que N\u00e3o Podia Amar\u201d&nbsp; em 21\/05: no cap\u00edtulo 032(*) da novela, ter\u00e7a-feira, 21 de maio, Rog\u00e9rio e Ana Paula est\u00e3o juntos na cama, ele lhe diz que sempre quer amanhecer ao seu lado e com do\u00e7ura a beija na testa. Enquanto isso, C\u00edntia se encontra preocupada pelos conflitos que h\u00e1 no [&hellip;]<\/p>\n","protected":false},"author":4,"featured_media":173627,"comment_status":"open","ping_status":"closed","sticky":false,"template":"","format":"standard","meta":{"_genesis_hide_title":false,"_genesis_hide_breadcrumbs":false,"_genesis_hide_singular_image":false,"_genesis_hide_footer_widgets":false,"_genesis_custom_body_class":"","_genesis_custom_post_class":"","_genesis_layout":"","_jetpack_memberships_contains_paid_content":false,"footnotes":""},"categories":[379,372,343],"tags":[441],"class_list":{"0":"post-176376","1":"post","2":"type-post","3":"status-publish","4":"format-standard","5":"has-post-thumbnail","7":"category-novelas","8":"category-sbt","9":"category-televisao","10":"tag-resumo-do-dia","11":"entry","12":"gs-1","13":"gs-odd","14":"gs-even","15":"gs-featured-content-entry"},"jetpack_featured_media_url":"https:\/\/www.redenoticia.com.br\/noticia\/imagens\/a-que-nao-podia-amar-sbt-01.jpg","jetpack_sharing_enabled":true,"jetpack_likes_enabled":true,"_links":{"self":[{"href":"https:\/\/www.redenoticia.com.br\/noticia\/wp-json\/wp\/v2\/posts\/176376","targetHints":{"allow":["GET"]}}],"collection":[{"href":"https:\/\/www.redenoticia.com.br\/noticia\/wp-json\/wp\/v2\/posts"}],"about":[{"href":"https:\/\/www.redenoticia.com.br\/noticia\/wp-json\/wp\/v2\/types\/post"}],"author":[{"embeddable":true,"href":"https:\/\/www.redenoticia.com.br\/noticia\/wp-json\/wp\/v2\/users\/4"}],"replies":[{"embeddable":true,"href":"https:\/\/www.redenoticia.com.br\/noticia\/wp-json\/wp\/v2\/comments?post=176376"}],"version-history":[{"count":0,"href":"https:\/\/www.redenoticia.com.br\/noticia\/wp-json\/wp\/v2\/posts\/176376\/revisions"}],"wp:featuredmedia":[{"embeddable":true,"href":"https:\/\/www.redenoticia.com.br\/noticia\/wp-json\/wp\/v2\/media\/173627"}],"wp:attachment":[{"href":"https:\/\/www.redenoticia.com.br\/noticia\/wp-json\/wp\/v2\/media?parent=176376"}],"wp:term":[{"taxonomy":"category","embeddable":true,"href":"https:\/\/www.redenoticia.com.br\/noticia\/wp-json\/wp\/v2\/categories?post=176376"},{"taxonomy":"post_tag","embeddable":true,"href":"https:\/\/www.redenoticia.com.br\/noticia\/wp-json\/wp\/v2\/tags?post=176376"}],"curies":[{"name":"wp","href":"https:\/\/api.w.org\/{rel}","templated":true}]}}