{"id":176374,"date":"2019-05-20T15:28:52","date_gmt":"2019-05-20T18:28:52","guid":{"rendered":"https:\/\/www.redenoticia.com.br\/noticia\/?p=176374"},"modified":"2019-05-20T15:30:33","modified_gmt":"2019-05-20T18:30:33","slug":"resumo-novela-a-dona-21-05-leonor-manda-ivana-se-aproximar-de-jose-miguel","status":"publish","type":"post","link":"https:\/\/www.redenoticia.com.br\/noticia\/2019\/resumo-novela-a-dona-21-05-leonor-manda-ivana-se-aproximar-de-jose-miguel\/176374","title":{"rendered":"Resumo novela \u201cA Dona\u201d 21\/05: Leonor manda Ivana se aproximar de Jos\u00e9 Miguel"},"content":{"rendered":"<p><img loading=\"lazy\" decoding=\"async\" class=\"aligncenter size-large wp-image-173633\" src=\"https:\/\/www.redenoticia.com.br\/noticia\/imagens\/a-dona-270x300.jpg\" alt=\"\" width=\"270\" height=\"300\" srcset=\"https:\/\/www.redenoticia.com.br\/noticia\/imagens\/a-dona-270x300.jpg 270w, https:\/\/www.redenoticia.com.br\/noticia\/imagens\/a-dona-168x187.jpg 168w, https:\/\/www.redenoticia.com.br\/noticia\/imagens\/a-dona.jpg 380w\" sizes=\"auto, (max-width: 270px) 100vw, 270px\" \/>Resumo da novela <strong><em>\u201cA Dona&#8221;<\/em><\/strong> em 21\/05: no cap\u00edtulo 037(*) da novela, ter\u00e7a-feira, 21 de maio, Ivana ainda diz a prima que ficou sabendo por Leonor que Jos\u00e9 Miguel e Hor\u00e1cio fizeram uma aposta para ver quem consegue conquist\u00e1-la primeiro. Valentina, furiosa, pede \u00e0 Ivana que diga a Leonor que ela pode ficar calma, pois n\u00e3o dar\u00e1 o gosto nem a Jos\u00e9 e muito menos a Hor\u00e1cio. Rodrigo reclama com Cristina por ela ter engravidado. Ele diz que ela s\u00f3 est\u00e1 tentando prend\u00ea-lo, mas isso n\u00e3o surtir\u00e1 efeito, pois ele n\u00e3o tem o menor interesse na crian\u00e7a. Valentina conta a Benita sobre a aposta que foi feita por Jos\u00e9 Miguel. Benita ri e diz que isso certamente \u00e9 uma inven\u00e7\u00e3o de Ivana, pois Jos\u00e9 est\u00e1 interessado em Valentina, e n\u00e3o nela. Leonor diz a Jos\u00e9 Miguel que pense em tudo o que aconteceu antes de dar cr\u00e9dito a gente que fala mal de Ivana, pois ela \u00e9 uma mo\u00e7a maravilhosa. Benita fica furiosa ao ver Cristina maltratar Maria da Luz para defender Rodrigo.<\/p>\n<p>Valentina diz a Rodrigo que sabe como s\u00e3o os homens e que n\u00e3o se esqueceu do dia em que chegou a fazenda e o viu tentando violar Maria da Luz. Ela o relembra que, caso algo ocorra com Maria, ele ir\u00e1 se arrepender amargamente. Jos\u00e9 Miguel diz a Sabino que ama Valentina, e que ningu\u00e9m conseguir\u00e1 tirar dele esse sentimento que vive em sua mente e cora\u00e7\u00e3o. Leonor diz a Ivana que j\u00e1 falou com Jos\u00e9 Miguel e que tem certeza que ele n\u00e3o pensa mais mal dela, por\u00e9m \u00e9 chegada a hora de Ivana tentar uma aproxima\u00e7\u00e3o com ele. Leonor ainda promete \u00e0 Ivana que se ela conseguir se casar com Jos\u00e9, se compromete a convenc\u00ea-lo a viver na capital com ela. Valentina comenta com Rodrigo sobre seus planos de construir uma escola, ele tenta fazer com que Valentina desista dessa ideia, pois a gente do povoado \u00e9 muito mal agradecida. Valentina responde que n\u00e3o pediu a opini\u00e3o dele, apenas o informou que ir\u00e1 construir a escola e que quando quiser conselhos, n\u00e3o ser\u00e1 a ele que ir\u00e1 pedir.<\/p>\n<p>(*) edi\u00e7\u00e3o do SBT, Novela \u201cA Dona\u201d, sujeito a altera\u00e7\u00e3o de data e conte\u00fado.<\/p>\n<p>Destaques<\/p>\n<p>&#8220;A Dona&#8221; &#8211; Valentina Vila\u00e7a (Lucero) \u00e9 uma mulher que tem uma grande fortuna, que seus pais deixaram para ela quando morreram em um acidente de carro. Ela tem uma mans\u00e3o na Cidade do M\u00e9xico, onde vive com sua tia Isabel Rangel de Dorantes (Silvia Pinal), e sua prima Ivana Dorantes Rangel (Gabriela Spanic) que trata Valentina com muita indiferen\u00e7a e sente inveja dela.<\/p>\n<p>Tudo muda para Valentina quando seu noivo Alonso Penalva (David Zepeda), tramando com Ivana no dia de seu casamento, a deixa esperando no altar. A partir da\u00ed, Valentina se torna uma mulher amarga, e vai para sua fazenda, no interior. Chegando l\u00e1, ela conhece seu vizinho Jos\u00e9 Miguel Montesinos (Fernando Colunga).<\/p>\n","protected":false},"excerpt":{"rendered":"<p>Resumo da novela \u201cA Dona&#8221; em 21\/05: no cap\u00edtulo 037(*) da novela, ter\u00e7a-feira, 21 de maio, Ivana ainda diz a prima que ficou sabendo por Leonor que Jos\u00e9 Miguel e Hor\u00e1cio fizeram uma aposta para ver quem consegue conquist\u00e1-la primeiro. Valentina, furiosa, pede \u00e0 Ivana que diga a Leonor que ela pode ficar calma, pois [&hellip;]<\/p>\n","protected":false},"author":4,"featured_media":173626,"comment_status":"open","ping_status":"closed","sticky":false,"template":"","format":"standard","meta":{"_genesis_hide_title":false,"_genesis_hide_breadcrumbs":false,"_genesis_hide_singular_image":false,"_genesis_hide_footer_widgets":false,"_genesis_custom_body_class":"","_genesis_custom_post_class":"","_genesis_layout":"","_jetpack_memberships_contains_paid_content":false,"footnotes":""},"categories":[379,372,343],"tags":[441],"class_list":{"0":"post-176374","1":"post","2":"type-post","3":"status-publish","4":"format-standard","5":"has-post-thumbnail","7":"category-novelas","8":"category-sbt","9":"category-televisao","10":"tag-resumo-do-dia","11":"entry","12":"gs-1","13":"gs-odd","14":"gs-even","15":"gs-featured-content-entry"},"jetpack_featured_media_url":"https:\/\/www.redenoticia.com.br\/noticia\/imagens\/a-dona-03.jpg","jetpack_sharing_enabled":true,"jetpack_likes_enabled":true,"_links":{"self":[{"href":"https:\/\/www.redenoticia.com.br\/noticia\/wp-json\/wp\/v2\/posts\/176374","targetHints":{"allow":["GET"]}}],"collection":[{"href":"https:\/\/www.redenoticia.com.br\/noticia\/wp-json\/wp\/v2\/posts"}],"about":[{"href":"https:\/\/www.redenoticia.com.br\/noticia\/wp-json\/wp\/v2\/types\/post"}],"author":[{"embeddable":true,"href":"https:\/\/www.redenoticia.com.br\/noticia\/wp-json\/wp\/v2\/users\/4"}],"replies":[{"embeddable":true,"href":"https:\/\/www.redenoticia.com.br\/noticia\/wp-json\/wp\/v2\/comments?post=176374"}],"version-history":[{"count":0,"href":"https:\/\/www.redenoticia.com.br\/noticia\/wp-json\/wp\/v2\/posts\/176374\/revisions"}],"wp:featuredmedia":[{"embeddable":true,"href":"https:\/\/www.redenoticia.com.br\/noticia\/wp-json\/wp\/v2\/media\/173626"}],"wp:attachment":[{"href":"https:\/\/www.redenoticia.com.br\/noticia\/wp-json\/wp\/v2\/media?parent=176374"}],"wp:term":[{"taxonomy":"category","embeddable":true,"href":"https:\/\/www.redenoticia.com.br\/noticia\/wp-json\/wp\/v2\/categories?post=176374"},{"taxonomy":"post_tag","embeddable":true,"href":"https:\/\/www.redenoticia.com.br\/noticia\/wp-json\/wp\/v2\/tags?post=176374"}],"curies":[{"name":"wp","href":"https:\/\/api.w.org\/{rel}","templated":true}]}}