{"id":176204,"date":"2019-05-16T15:54:05","date_gmt":"2019-05-16T18:54:05","guid":{"rendered":"https:\/\/www.redenoticia.com.br\/noticia\/?p=176204"},"modified":"2019-05-16T15:54:13","modified_gmt":"2019-05-16T18:54:13","slug":"resumo-novela-a-que-nao-podia-amar-17-05-frederico-descobre-que-tem-outra-filha","status":"publish","type":"post","link":"https:\/\/www.redenoticia.com.br\/noticia\/2019\/resumo-novela-a-que-nao-podia-amar-17-05-frederico-descobre-que-tem-outra-filha\/176204","title":{"rendered":"Resumo novela \u201cA Que N\u00e3o Podia Amar\u201d 17\/05: Frederico descobre que tem outra filha"},"content":{"rendered":"<p><strong><em><img loading=\"lazy\" decoding=\"async\" class=\"aligncenter size-large wp-image-173635\" src=\"https:\/\/www.redenoticia.com.br\/noticia\/imagens\/a-que-nao-podia-amar-400x271.jpg\" alt=\"\" width=\"400\" height=\"271\" srcset=\"https:\/\/www.redenoticia.com.br\/noticia\/imagens\/a-que-nao-podia-amar-400x271.jpg 400w, https:\/\/www.redenoticia.com.br\/noticia\/imagens\/a-que-nao-podia-amar-250x169.jpg 250w, https:\/\/www.redenoticia.com.br\/noticia\/imagens\/a-que-nao-podia-amar-560x379.jpg 560w, https:\/\/www.redenoticia.com.br\/noticia\/imagens\/a-que-nao-podia-amar.jpg 620w\" sizes=\"auto, (max-width: 400px) 100vw, 400px\" \/><\/em><\/strong><\/p>\n<p>Resumo da novela<strong><em> \u201cA Que N\u00e3o Podia Amar\u201d&nbsp;<\/em><\/strong> em 17\/05: no cap\u00edtulo 030(*) da novela, sexta-feira, 17 de maio, Ana Paula decide dar uma oportunidade a Rog\u00e9rio e far\u00e1 tudo o que est\u00e1 ao seu alcance para que a rela\u00e7\u00e3o entre eles funcione. De imediato, o fazendeiro assegura \u00e0 sua esposa que n\u00e3o se arrepender\u00e1 e que a far\u00e1 feliz. Ainda que Miguel esteja muito feliz por saber que Rog\u00e9rio e sua irm\u00e3 tentar\u00e3o ser felizes, a jovem lhe confessa que a lembran\u00e7a de Gustavo segue presente. Por outro lado, C\u00edntia conta a Vanessa que saiu com Gustavo para dan\u00e7ar, j\u00e1 que ele a salvou de ser atacada e ela, como agradecimento, o convidou para sair, e que no fim da noite acabaram se beijando. Rog\u00e9rio diz a Ana Paula que ele n\u00e3o pode ter filhos, mas ela responde que se n\u00e3o encontrarem os pais de Marquinho, o garoto poderia ser seu primeiro filho.<\/p>\n<p>Daniela conta a Rosaura que Frederico Galvan est\u00e1 na cl\u00ednica e esta de imediato conta para Helena, que apesar do estado de sa\u00fade delicado do executivo, lhe confessar\u00e1 que Ana Paula \u00e9 sua filha. Na cl\u00ednica, Frederico conta \u00e0 Vanessa os motivos que o fizeram ser infiel no passado, mas ressalta que preferiu estar junto com sua filha do que ser feliz ao lado de outra mulher. Por outro lado, Gustavo comenta com Estev\u00e3o que conseguiu reunir todas as provas para que David seja obrigado a parar a obra e al\u00e9m disso lhe pede que entenda seu envolvimento com C\u00edntia, apesar dela ser irm\u00e3 do homem respons\u00e1vel pela sua separa\u00e7\u00e3o.<\/p>\n<p>Frederico confessa \u00e0 Rosaura que se soubesse que tinha uma filha, jamais teria a abandonado e ainda que seu estado de sa\u00fade esteja piorando, lhe pergunta sobre a jovem. Por outro lado, C\u00edntia conta a Gustavo toda sua situa\u00e7\u00e3o com o testamento e como ela n\u00e3o pode movimentar seu dinheiro e Gustavo se oferece para ajud\u00e1-la em tudo o que ele puder. Rog\u00e9rio diz \u00e0 sua esposa que lhe preparou uma grande surpresa e para que fique sabendo o que \u00e9, lhe pede para irem para S\u00e3o Gabriel. Instantes mais tarde, o fazendeiro pergunta a Ana Paula se o colar que ela tanto gosta foi presente de Gustavo e ela diz que sim, nesse momento ele pergunta se ela seria capaz de se desfazer dele para deixar todo seu passado para tr\u00e1s.<\/p>\n<p>(*) edi\u00e7\u00e3o do SBT, Novela \u201cA Que N\u00e3o Podia Amar\u201d, sujeito a altera\u00e7\u00e3o de data e conte\u00fado.<\/p>\n<p>Destaques<\/p>\n<p>&#8220;A Que N\u00e3o Podia Amar&#8221;- Ana Paula, uma enfermeira humilde que se v\u00ea obrigada a trabalhar na casa de Rog\u00e9rio Montero (Jorge Salinas), um homem amargurado. Rog\u00e9rio sofre por ser parapl\u00e9gico e destrata todas as pessoas. Ana Paula atura tudo calada e o rica\u00e7o se apaixona por ela.<\/p>\n<p>Ana conhece Gustavo Duran (Jos\u00e9 Ron), um engenheiro nobre e trabalhador. Os dois se apaixonam, mas ter\u00e3o de enfrentar Rog\u00e9rio, j\u00e1 que ele tamb\u00e9m gosta da mocinha, formando assim, um tri\u00e2ngulo amoroso com terr\u00edveis consequ\u00eancias.<\/p>\n","protected":false},"excerpt":{"rendered":"<p>Resumo da novela \u201cA Que N\u00e3o Podia Amar\u201d&nbsp; em 17\/05: no cap\u00edtulo 030(*) da novela, sexta-feira, 17 de maio, Ana Paula decide dar uma oportunidade a Rog\u00e9rio e far\u00e1 tudo o que est\u00e1 ao seu alcance para que a rela\u00e7\u00e3o entre eles funcione. De imediato, o fazendeiro assegura \u00e0 sua esposa que n\u00e3o se arrepender\u00e1 [&hellip;]<\/p>\n","protected":false},"author":4,"featured_media":173627,"comment_status":"open","ping_status":"closed","sticky":false,"template":"","format":"standard","meta":{"_genesis_hide_title":false,"_genesis_hide_breadcrumbs":false,"_genesis_hide_singular_image":false,"_genesis_hide_footer_widgets":false,"_genesis_custom_body_class":"","_genesis_custom_post_class":"","_genesis_layout":"","_jetpack_memberships_contains_paid_content":false,"footnotes":""},"categories":[379,372,343],"tags":[441],"class_list":{"0":"post-176204","1":"post","2":"type-post","3":"status-publish","4":"format-standard","5":"has-post-thumbnail","7":"category-novelas","8":"category-sbt","9":"category-televisao","10":"tag-resumo-do-dia","11":"entry","12":"gs-1","13":"gs-odd","14":"gs-even","15":"gs-featured-content-entry"},"jetpack_featured_media_url":"https:\/\/www.redenoticia.com.br\/noticia\/imagens\/a-que-nao-podia-amar-sbt-01.jpg","jetpack_sharing_enabled":true,"jetpack_likes_enabled":true,"_links":{"self":[{"href":"https:\/\/www.redenoticia.com.br\/noticia\/wp-json\/wp\/v2\/posts\/176204","targetHints":{"allow":["GET"]}}],"collection":[{"href":"https:\/\/www.redenoticia.com.br\/noticia\/wp-json\/wp\/v2\/posts"}],"about":[{"href":"https:\/\/www.redenoticia.com.br\/noticia\/wp-json\/wp\/v2\/types\/post"}],"author":[{"embeddable":true,"href":"https:\/\/www.redenoticia.com.br\/noticia\/wp-json\/wp\/v2\/users\/4"}],"replies":[{"embeddable":true,"href":"https:\/\/www.redenoticia.com.br\/noticia\/wp-json\/wp\/v2\/comments?post=176204"}],"version-history":[{"count":0,"href":"https:\/\/www.redenoticia.com.br\/noticia\/wp-json\/wp\/v2\/posts\/176204\/revisions"}],"wp:featuredmedia":[{"embeddable":true,"href":"https:\/\/www.redenoticia.com.br\/noticia\/wp-json\/wp\/v2\/media\/173627"}],"wp:attachment":[{"href":"https:\/\/www.redenoticia.com.br\/noticia\/wp-json\/wp\/v2\/media?parent=176204"}],"wp:term":[{"taxonomy":"category","embeddable":true,"href":"https:\/\/www.redenoticia.com.br\/noticia\/wp-json\/wp\/v2\/categories?post=176204"},{"taxonomy":"post_tag","embeddable":true,"href":"https:\/\/www.redenoticia.com.br\/noticia\/wp-json\/wp\/v2\/tags?post=176204"}],"curies":[{"name":"wp","href":"https:\/\/api.w.org\/{rel}","templated":true}]}}