{"id":176202,"date":"2019-05-16T15:52:52","date_gmt":"2019-05-16T18:52:52","guid":{"rendered":"https:\/\/www.redenoticia.com.br\/noticia\/?p=176202"},"modified":"2019-05-16T15:53:00","modified_gmt":"2019-05-16T18:53:00","slug":"resumo-novela-a-dona-17-05-ivana-ve-jose-miguel-e-valentina-se-beijarem","status":"publish","type":"post","link":"https:\/\/www.redenoticia.com.br\/noticia\/2019\/resumo-novela-a-dona-17-05-ivana-ve-jose-miguel-e-valentina-se-beijarem\/176202","title":{"rendered":"Resumo novela \u201cA Dona\u201d 17\/05: Ivana v\u00ea Jos\u00e9 Miguel e Valentina se beijarem"},"content":{"rendered":"<p><img loading=\"lazy\" decoding=\"async\" class=\"aligncenter size-large wp-image-173633\" src=\"https:\/\/www.redenoticia.com.br\/noticia\/imagens\/a-dona-270x300.jpg\" alt=\"\" width=\"270\" height=\"300\" srcset=\"https:\/\/www.redenoticia.com.br\/noticia\/imagens\/a-dona-270x300.jpg 270w, https:\/\/www.redenoticia.com.br\/noticia\/imagens\/a-dona-168x187.jpg 168w, https:\/\/www.redenoticia.com.br\/noticia\/imagens\/a-dona.jpg 380w\" sizes=\"auto, (max-width: 270px) 100vw, 270px\" \/>Resumo da novela <strong><em>\u201cA Dona&#8221;<\/em><\/strong> em 17\/05: no cap\u00edtulo 035(*) da novela, sexta-feira, 17 de maio, Benita pergunta \u00e0 Ivana o que ela faria se Jos\u00e9 Miguel estivesse interessado em outra. Furiosa, Ivana deixa claro que ele ser\u00e1 dela e nenhuma outra o tirar\u00e1. Benita diz que Ivana fala como se alguma vez no passado j\u00e1 lhe tivessem tirado algu\u00e9m. Maria da Luz diz a Rodrigo que ele faria um favor se deixasse Cristina em paz. Rodrigo diz que n\u00e3o o far\u00e1 e que gosta de ter muitas mulheres, mas que poderia diminuir a lista se Valentina aceitasse ficar com ele. Maria da Luz diz que a patroa jamais olharia para ele dessa forma. Alonso se apresenta para o Delegado Toledo e conta os seus motivos para deixar o pa\u00eds, deixando claro que n\u00e3o h\u00e1 rela\u00e7\u00e3o com a morte de Oscar. Sandra diz a seu pai que gostaria de viver no exterior para aprender um novo idioma.<\/p>\n<p>Moises diz que no come\u00e7o ela pode se assustar, mais ser\u00e1 uma experi\u00eancia riquiss\u00edma sua viv\u00eancia fora do Pa\u00eds. Jos\u00e9 Miguel diz a Valentina que a ama e que n\u00e3o a deixar\u00e1 por ningu\u00e9m. Eles se beijam enquanto Ivana, furiosa, os observa ao longe. Valentina diz a Jos\u00e9 Miguel que o beijo foi apenas para demonstrar que ele n\u00e3o significa nada para ela. Valentina retoma o assunto de seu interesse pela compra da fazenda Montesinos. Jos\u00e9 Miguel desconversa e diz que sabe que ela sente algo por ele. Sandra observa Hor\u00e1cio vindo em sua dire\u00e7\u00e3o e beija Felipe. Valentina visita a cabana de Jos\u00e9 Miguel e l\u00e1 encontra Jesus. O menino diz que seu patr\u00e3o a ama muito. Filadelfo conta a Rodrigo que Jos\u00e9 Miguel visitou Valentina e que Ivana os viu juntos. Pela cara de Ivana, ele cr\u00ea que enfim a v\u00edbora se acertou com Jos\u00e9.<\/p>\n<p>(*) edi\u00e7\u00e3o do SBT, Novela \u201cA Dona\u201d, sujeito a altera\u00e7\u00e3o de data e conte\u00fado.<\/p>\n<p>Destaques<\/p>\n<p>&#8220;A Dona&#8221; &#8211; Valentina Vila\u00e7a (Lucero) \u00e9 uma mulher que tem uma grande fortuna, que seus pais deixaram para ela quando morreram em um acidente de carro. Ela tem uma mans\u00e3o na Cidade do M\u00e9xico, onde vive com sua tia Isabel Rangel de Dorantes (Silvia Pinal), e sua prima Ivana Dorantes Rangel (Gabriela Spanic) que trata Valentina com muita indiferen\u00e7a e sente inveja dela.<\/p>\n<p>Tudo muda para Valentina quando seu noivo Alonso Penalva (David Zepeda), tramando com Ivana no dia de seu casamento, a deixa esperando no altar. A partir da\u00ed, Valentina se torna uma mulher amarga, e vai para sua fazenda, no interior. Chegando l\u00e1, ela conhece seu vizinho Jos\u00e9 Miguel Montesinos (Fernando Colunga).<\/p>\n","protected":false},"excerpt":{"rendered":"<p>Resumo da novela \u201cA Dona&#8221; em 17\/05: no cap\u00edtulo 035(*) da novela, sexta-feira, 17 de maio, Benita pergunta \u00e0 Ivana o que ela faria se Jos\u00e9 Miguel estivesse interessado em outra. Furiosa, Ivana deixa claro que ele ser\u00e1 dela e nenhuma outra o tirar\u00e1. Benita diz que Ivana fala como se alguma vez no passado [&hellip;]<\/p>\n","protected":false},"author":4,"featured_media":173626,"comment_status":"open","ping_status":"closed","sticky":false,"template":"","format":"standard","meta":{"_genesis_hide_title":false,"_genesis_hide_breadcrumbs":false,"_genesis_hide_singular_image":false,"_genesis_hide_footer_widgets":false,"_genesis_custom_body_class":"","_genesis_custom_post_class":"","_genesis_layout":"","_jetpack_memberships_contains_paid_content":false,"footnotes":""},"categories":[379,372,343],"tags":[441],"class_list":{"0":"post-176202","1":"post","2":"type-post","3":"status-publish","4":"format-standard","5":"has-post-thumbnail","7":"category-novelas","8":"category-sbt","9":"category-televisao","10":"tag-resumo-do-dia","11":"entry","12":"gs-1","13":"gs-odd","14":"gs-even","15":"gs-featured-content-entry"},"jetpack_featured_media_url":"https:\/\/www.redenoticia.com.br\/noticia\/imagens\/a-dona-03.jpg","jetpack_sharing_enabled":true,"jetpack_likes_enabled":true,"_links":{"self":[{"href":"https:\/\/www.redenoticia.com.br\/noticia\/wp-json\/wp\/v2\/posts\/176202","targetHints":{"allow":["GET"]}}],"collection":[{"href":"https:\/\/www.redenoticia.com.br\/noticia\/wp-json\/wp\/v2\/posts"}],"about":[{"href":"https:\/\/www.redenoticia.com.br\/noticia\/wp-json\/wp\/v2\/types\/post"}],"author":[{"embeddable":true,"href":"https:\/\/www.redenoticia.com.br\/noticia\/wp-json\/wp\/v2\/users\/4"}],"replies":[{"embeddable":true,"href":"https:\/\/www.redenoticia.com.br\/noticia\/wp-json\/wp\/v2\/comments?post=176202"}],"version-history":[{"count":0,"href":"https:\/\/www.redenoticia.com.br\/noticia\/wp-json\/wp\/v2\/posts\/176202\/revisions"}],"wp:featuredmedia":[{"embeddable":true,"href":"https:\/\/www.redenoticia.com.br\/noticia\/wp-json\/wp\/v2\/media\/173626"}],"wp:attachment":[{"href":"https:\/\/www.redenoticia.com.br\/noticia\/wp-json\/wp\/v2\/media?parent=176202"}],"wp:term":[{"taxonomy":"category","embeddable":true,"href":"https:\/\/www.redenoticia.com.br\/noticia\/wp-json\/wp\/v2\/categories?post=176202"},{"taxonomy":"post_tag","embeddable":true,"href":"https:\/\/www.redenoticia.com.br\/noticia\/wp-json\/wp\/v2\/tags?post=176202"}],"curies":[{"name":"wp","href":"https:\/\/api.w.org\/{rel}","templated":true}]}}