{"id":176150,"date":"2019-05-15T15:42:14","date_gmt":"2019-05-15T18:42:14","guid":{"rendered":"https:\/\/www.redenoticia.com.br\/noticia\/?p=176150"},"modified":"2019-05-15T15:42:19","modified_gmt":"2019-05-15T18:42:19","slug":"resumo-novela-a-que-nao-podia-amar-16-05-vanessa-toma-o-controle-da-empresa","status":"publish","type":"post","link":"https:\/\/www.redenoticia.com.br\/noticia\/2019\/resumo-novela-a-que-nao-podia-amar-16-05-vanessa-toma-o-controle-da-empresa\/176150","title":{"rendered":"Resumo novela \u201cA Que N\u00e3o Podia Amar\u201d 16\/05: Vanessa toma o controle da empresa"},"content":{"rendered":"<p><strong><em><img loading=\"lazy\" decoding=\"async\" class=\"aligncenter size-large wp-image-173635\" src=\"https:\/\/www.redenoticia.com.br\/noticia\/imagens\/a-que-nao-podia-amar-400x271.jpg\" alt=\"\" width=\"400\" height=\"271\" srcset=\"https:\/\/www.redenoticia.com.br\/noticia\/imagens\/a-que-nao-podia-amar-400x271.jpg 400w, https:\/\/www.redenoticia.com.br\/noticia\/imagens\/a-que-nao-podia-amar-250x169.jpg 250w, https:\/\/www.redenoticia.com.br\/noticia\/imagens\/a-que-nao-podia-amar-560x379.jpg 560w, https:\/\/www.redenoticia.com.br\/noticia\/imagens\/a-que-nao-podia-amar.jpg 620w\" sizes=\"auto, (max-width: 400px) 100vw, 400px\" \/><\/em><\/strong><\/p>\n<p>Resumo da novela<strong><em> \u201cA Que N\u00e3o Podia Amar\u201d&nbsp;<\/em><\/strong> em 16\/05: no cap\u00edtulo 029(*) da novela, quinta-feira, 16 de maio, enquanto seu pai luta pela vida ap\u00f3s o infarto que sofreu, Vanessa fica sabendo que Frederico foi infiel e traiu sua m\u00e3e com uma secret\u00e1ria. Ela exige que Elza conte tudo. Por outro lado, David, num jantar em fam\u00edlia aproveita a ocasi\u00e3o para pedir a m\u00e3o de C\u00edntia a Rog\u00e9rio. Bruno declara seu amor \u00e0 Ana Paula e confessa que vai esperar que termine seu contrato com Rog\u00e9rio. No dia seguinte, Rog\u00e9rio conversa com David sobre assuntos financeiros e decidem assinar um acordo pr\u00e9-nupcial para evitar futuros inconvenientes. Por\u00e9m, o fazendeiro n\u00e3o confia em seu cunhado.<\/p>\n<p>Bruno entrega a C\u00edntia os pap\u00e9is do testamento de seu pai e o invent\u00e1rio de todas as terras que esse possu\u00eda. Quando a mo\u00e7a lhe pede que a ajude a recuperar tudo o que lhe pertence, ele diz que s\u00f3 aceita se ela fizer o mesmo por ele, pois quando seu irm\u00e3o tomou posse dos bens e neg\u00f3cios, n\u00e3o lhe deu o que lhe correspondia. Por outro lado, Rog\u00e9rio ensina sua esposa a montar a cavalo, e lhe diz que \u00e9 de admirar o que ela fez pelo bem-estar de seu irm\u00e3o e lhe ressalta o nobre, carinhosa e sincera que ela \u00e9. Na cl\u00ednica, Vanessa visita seu pai Frederico e o recrimina por ter tra\u00eddo Elza, sua m\u00e3e, e o deixa perceber o qu\u00e3o decepcionada est\u00e1 com ele e por todo o mal que causou \u00e0 sua fam\u00edlia. Contudo, seu pai lhe diz que as coisas n\u00e3o s\u00e3o como parecem. No dia seguinte, Vanessa toma o controle da empresa enquanto seu pai est\u00e1 hospitalizado e se surpreende ao perceber que Daniela, a amiga de Ana Paula, ainda trabalha ali e exige que ela v\u00e1 embora imediatamente.<\/p>\n<p>(*) edi\u00e7\u00e3o do SBT, Novela \u201cA Que N\u00e3o Podia Amar\u201d, sujeito a altera\u00e7\u00e3o de data e conte\u00fado.<\/p>\n<p>Destaques<\/p>\n<p>&#8220;A Que N\u00e3o Podia Amar&#8221;- Ana Paula, uma enfermeira humilde que se v\u00ea obrigada a trabalhar na casa de Rog\u00e9rio Montero (Jorge Salinas), um homem amargurado. Rog\u00e9rio sofre por ser parapl\u00e9gico e destrata todas as pessoas. Ana Paula atura tudo calada e o rica\u00e7o se apaixona por ela.<\/p>\n<p>Ana conhece Gustavo Duran (Jos\u00e9 Ron), um engenheiro nobre e trabalhador. Os dois se apaixonam, mas ter\u00e3o de enfrentar Rog\u00e9rio, j\u00e1 que ele tamb\u00e9m gosta da mocinha, formando assim, um tri\u00e2ngulo amoroso com terr\u00edveis consequ\u00eancias.<\/p>\n","protected":false},"excerpt":{"rendered":"<p>Resumo da novela \u201cA Que N\u00e3o Podia Amar\u201d&nbsp; em 16\/05: no cap\u00edtulo 029(*) da novela, quinta-feira, 16 de maio, enquanto seu pai luta pela vida ap\u00f3s o infarto que sofreu, Vanessa fica sabendo que Frederico foi infiel e traiu sua m\u00e3e com uma secret\u00e1ria. Ela exige que Elza conte tudo. Por outro lado, David, num [&hellip;]<\/p>\n","protected":false},"author":4,"featured_media":173627,"comment_status":"open","ping_status":"closed","sticky":false,"template":"","format":"standard","meta":{"_genesis_hide_title":false,"_genesis_hide_breadcrumbs":false,"_genesis_hide_singular_image":false,"_genesis_hide_footer_widgets":false,"_genesis_custom_body_class":"","_genesis_custom_post_class":"","_genesis_layout":"","_jetpack_memberships_contains_paid_content":false,"footnotes":""},"categories":[379,372,343],"tags":[441],"class_list":{"0":"post-176150","1":"post","2":"type-post","3":"status-publish","4":"format-standard","5":"has-post-thumbnail","7":"category-novelas","8":"category-sbt","9":"category-televisao","10":"tag-resumo-do-dia","11":"entry","12":"gs-1","13":"gs-odd","14":"gs-even","15":"gs-featured-content-entry"},"jetpack_featured_media_url":"https:\/\/www.redenoticia.com.br\/noticia\/imagens\/a-que-nao-podia-amar-sbt-01.jpg","jetpack_sharing_enabled":true,"jetpack_likes_enabled":true,"_links":{"self":[{"href":"https:\/\/www.redenoticia.com.br\/noticia\/wp-json\/wp\/v2\/posts\/176150","targetHints":{"allow":["GET"]}}],"collection":[{"href":"https:\/\/www.redenoticia.com.br\/noticia\/wp-json\/wp\/v2\/posts"}],"about":[{"href":"https:\/\/www.redenoticia.com.br\/noticia\/wp-json\/wp\/v2\/types\/post"}],"author":[{"embeddable":true,"href":"https:\/\/www.redenoticia.com.br\/noticia\/wp-json\/wp\/v2\/users\/4"}],"replies":[{"embeddable":true,"href":"https:\/\/www.redenoticia.com.br\/noticia\/wp-json\/wp\/v2\/comments?post=176150"}],"version-history":[{"count":0,"href":"https:\/\/www.redenoticia.com.br\/noticia\/wp-json\/wp\/v2\/posts\/176150\/revisions"}],"wp:featuredmedia":[{"embeddable":true,"href":"https:\/\/www.redenoticia.com.br\/noticia\/wp-json\/wp\/v2\/media\/173627"}],"wp:attachment":[{"href":"https:\/\/www.redenoticia.com.br\/noticia\/wp-json\/wp\/v2\/media?parent=176150"}],"wp:term":[{"taxonomy":"category","embeddable":true,"href":"https:\/\/www.redenoticia.com.br\/noticia\/wp-json\/wp\/v2\/categories?post=176150"},{"taxonomy":"post_tag","embeddable":true,"href":"https:\/\/www.redenoticia.com.br\/noticia\/wp-json\/wp\/v2\/tags?post=176150"}],"curies":[{"name":"wp","href":"https:\/\/api.w.org\/{rel}","templated":true}]}}