{"id":176036,"date":"2019-05-13T15:13:31","date_gmt":"2019-05-13T18:13:31","guid":{"rendered":"https:\/\/www.redenoticia.com.br\/noticia\/?p=176036"},"modified":"2019-05-13T15:13:36","modified_gmt":"2019-05-13T18:13:36","slug":"resumo-novela-as-aventuras-de-poliana-14-05-filipa-confessa-que-espalhou-o-video-na-internet","status":"publish","type":"post","link":"https:\/\/www.redenoticia.com.br\/noticia\/2019\/resumo-novela-as-aventuras-de-poliana-14-05-filipa-confessa-que-espalhou-o-video-na-internet\/176036","title":{"rendered":"Resumo novela \u201cAs Aventuras de Poliana\u201d 14\/05: Filipa confessa que espalhou o v\u00eddeo na internet"},"content":{"rendered":"<p><strong><em><img loading=\"lazy\" decoding=\"async\" class=\"aligncenter size-large wp-image-148662\" src=\"https:\/\/www.redenoticia.com.br\/noticia\/imagens\/as-aventuras-de-poliana-novela-400x267.jpg\" alt=\"\" width=\"400\" height=\"267\" srcset=\"https:\/\/www.redenoticia.com.br\/noticia\/imagens\/as-aventuras-de-poliana-novela-400x267.jpg 400w, https:\/\/www.redenoticia.com.br\/noticia\/imagens\/as-aventuras-de-poliana-novela-250x167.jpg 250w, https:\/\/www.redenoticia.com.br\/noticia\/imagens\/as-aventuras-de-poliana-novela-150x100.jpg 150w, https:\/\/www.redenoticia.com.br\/noticia\/imagens\/as-aventuras-de-poliana-novela.jpg 600w\" sizes=\"auto, (max-width: 400px) 100vw, 400px\" \/>Resumo novela \u201cAs Aventuras de Poliana\u201d 14\/05 <\/em><\/strong>: no cap\u00edtulo 260(*) da novela, resumo de ter\u00e7a-feira, 14 de maio, Ruth diz \u00e0 Luca que ele n\u00e3o ser\u00e1 expulso, mas lhe d\u00e1 uma bronca por conta da situa\u00e7\u00e3o. Os alunos ficam revoltados com a nova decis\u00e3o da diretoria, de proibir o uso de celulares na escola. Filipa confessa para Ruth que ela espalhou o v\u00eddeo na internet. A diretora a pune. Mirela fica sabendo que Luca vai ficar na escola e corre para o abra\u00e7ar. Ele a rejeita. Filipa descobre que a sele\u00e7\u00e3o para o concurso de beleza ser\u00e1 bem na semana em que ela ser\u00e1 suspensa da escola. O clubinho faz testes com a professora Sophie para descobrir se ela \u00e9 mesmo um android criado por Pendleton.<\/p>\n<p>Poliana e Jo\u00e3o desconfiam que Lu\u00edsa e Marcelo est\u00e3o juntos. Roger continua dificultando o trabalho de S\u00e9rgio, que fica furioso. Claudia discute com Durval, dizendo que ele n\u00e3o manda mais mensagens e nem liga para ela. Poliana conta \u00e0 Pendleton sua nova ideia para o Mural do Contente e ele aprova, ajudando-a a coloc\u00e1-la em pr\u00e1tica. Na casa de Ruth, Bento toca a m\u00fasica que comp\u00f4s para ela. Marcelo se arruma todo para sair com Lu\u00edsa, e Jo\u00e3o desconfia. Lu\u00edsa faz o mesmo, e Poliana a enche de perguntas. Jeff desconfia de que Ciro esteja escondendo algo s\u00e9rio.<\/p>\n<p>(*) edi\u00e7\u00e3o do SBT, Novela \u201cAs Aventuras de Poliana\u201d, sujeito a altera\u00e7\u00e3o de data e conte\u00fado.<\/p>\n<p>Poliana \u00e9 uma menina extrovertida e de bom cora\u00e7\u00e3o que viajava o Brasil com seus pais, Lorenzo e Alice, no grupo circense Trupe Vagalume. Aos onze anos a garota v\u00ea seu mundo desabar quando seus pais falecem e ela tem que ir morar em S\u00e3o Paulo com sua tia Lu\u00edsa, uma mulher rica e severa, a qual ela n\u00e3o conhecia e que n\u00e3o queria cuidar dela, embora sinta que \u00e9 sua obriga\u00e7\u00e3o pela alma de sua irm\u00e3. Apesar do jeito da rigidez da tia, Poliana decide ter uma vis\u00e3o positiva e inabal\u00e1vel da vida, mesmo nos momentos de dificuldade, tentando levar um pouco de felicidade para a vida de cada um dos seus novos amigos e vizinhos, como o Sr. Pendleton, um homem rico e infeliz por nunca ter tido filhos. Ela vai estudar no col\u00e9gio de Ruth, uma diretora de bom cora\u00e7\u00e3o que a ajuda a se adaptar, mas tem que lidar com as vilanias de Mirela, garota mais velha que n\u00e3o aceita perder a popularidade para uma novata.<\/p>\n","protected":false},"excerpt":{"rendered":"<p>Resumo novela \u201cAs Aventuras de Poliana\u201d 14\/05 : no cap\u00edtulo 260(*) da novela, resumo de ter\u00e7a-feira, 14 de maio, Ruth diz \u00e0 Luca que ele n\u00e3o ser\u00e1 expulso, mas lhe d\u00e1 uma bronca por conta da situa\u00e7\u00e3o. Os alunos ficam revoltados com a nova decis\u00e3o da diretoria, de proibir o uso de celulares na escola. [&hellip;]<\/p>\n","protected":false},"author":4,"featured_media":148663,"comment_status":"open","ping_status":"closed","sticky":false,"template":"","format":"standard","meta":{"_genesis_hide_title":false,"_genesis_hide_breadcrumbs":false,"_genesis_hide_singular_image":false,"_genesis_hide_footer_widgets":false,"_genesis_custom_body_class":"","_genesis_custom_post_class":"","_genesis_layout":"","_jetpack_memberships_contains_paid_content":false,"footnotes":""},"categories":[477,379,372,343],"tags":[441],"class_list":{"0":"post-176036","1":"post","2":"type-post","3":"status-publish","4":"format-standard","5":"has-post-thumbnail","7":"category-as-aventuras-de-poliana","8":"category-novelas","9":"category-sbt","10":"category-televisao","11":"tag-resumo-do-dia","12":"entry","13":"gs-1","14":"gs-odd","15":"gs-even","16":"gs-featured-content-entry"},"jetpack_featured_media_url":"https:\/\/www.redenoticia.com.br\/noticia\/imagens\/as-aventuras-de-poliana-sbt.jpg","jetpack_sharing_enabled":true,"jetpack_likes_enabled":true,"_links":{"self":[{"href":"https:\/\/www.redenoticia.com.br\/noticia\/wp-json\/wp\/v2\/posts\/176036","targetHints":{"allow":["GET"]}}],"collection":[{"href":"https:\/\/www.redenoticia.com.br\/noticia\/wp-json\/wp\/v2\/posts"}],"about":[{"href":"https:\/\/www.redenoticia.com.br\/noticia\/wp-json\/wp\/v2\/types\/post"}],"author":[{"embeddable":true,"href":"https:\/\/www.redenoticia.com.br\/noticia\/wp-json\/wp\/v2\/users\/4"}],"replies":[{"embeddable":true,"href":"https:\/\/www.redenoticia.com.br\/noticia\/wp-json\/wp\/v2\/comments?post=176036"}],"version-history":[{"count":0,"href":"https:\/\/www.redenoticia.com.br\/noticia\/wp-json\/wp\/v2\/posts\/176036\/revisions"}],"wp:featuredmedia":[{"embeddable":true,"href":"https:\/\/www.redenoticia.com.br\/noticia\/wp-json\/wp\/v2\/media\/148663"}],"wp:attachment":[{"href":"https:\/\/www.redenoticia.com.br\/noticia\/wp-json\/wp\/v2\/media?parent=176036"}],"wp:term":[{"taxonomy":"category","embeddable":true,"href":"https:\/\/www.redenoticia.com.br\/noticia\/wp-json\/wp\/v2\/categories?post=176036"},{"taxonomy":"post_tag","embeddable":true,"href":"https:\/\/www.redenoticia.com.br\/noticia\/wp-json\/wp\/v2\/tags?post=176036"}],"curies":[{"name":"wp","href":"https:\/\/api.w.org\/{rel}","templated":true}]}}