{"id":176034,"date":"2019-05-13T15:12:19","date_gmt":"2019-05-13T18:12:19","guid":{"rendered":"https:\/\/www.redenoticia.com.br\/noticia\/?p=176034"},"modified":"2019-05-13T15:12:25","modified_gmt":"2019-05-13T18:12:25","slug":"resumo-novela-a-que-nao-podia-amar-14-05-rogerio-se-da-conta-que-esta-apaixonado-por-ana","status":"publish","type":"post","link":"https:\/\/www.redenoticia.com.br\/noticia\/2019\/resumo-novela-a-que-nao-podia-amar-14-05-rogerio-se-da-conta-que-esta-apaixonado-por-ana\/176034","title":{"rendered":"Resumo novela \u201cA Que N\u00e3o Podia Amar\u201d 14\/05: Rog\u00e9rio se d\u00e1 conta que est\u00e1 apaixonado por Ana"},"content":{"rendered":"<p><strong><em><img loading=\"lazy\" decoding=\"async\" class=\"aligncenter size-large wp-image-173635\" src=\"https:\/\/www.redenoticia.com.br\/noticia\/imagens\/a-que-nao-podia-amar-400x271.jpg\" alt=\"\" width=\"400\" height=\"271\" srcset=\"https:\/\/www.redenoticia.com.br\/noticia\/imagens\/a-que-nao-podia-amar-400x271.jpg 400w, https:\/\/www.redenoticia.com.br\/noticia\/imagens\/a-que-nao-podia-amar-250x169.jpg 250w, https:\/\/www.redenoticia.com.br\/noticia\/imagens\/a-que-nao-podia-amar-560x379.jpg 560w, https:\/\/www.redenoticia.com.br\/noticia\/imagens\/a-que-nao-podia-amar.jpg 620w\" sizes=\"auto, (max-width: 400px) 100vw, 400px\" \/><\/em><\/strong><\/p>\n<p>Resumo da novela<strong><em> \u201cA Que N\u00e3o Podia Amar\u201d&nbsp;<\/em><\/strong> em 14\/05: no cap\u00edtulo 027(*) da novela, ter\u00e7a-feira, 14 de maio, Firmino diz a Gustavo que s\u00e3o muitas coisas pelas quais ele \u00e9 acusado, este responde que \u00e9 tudo mentira e ele vai provar. Rog\u00e9rio leva Ana Paula para passear no seu lugar preferido, lhe diz que agora que est\u00e1 ali com ele vai gostar ainda mais e a pega pela m\u00e3o, ela n\u00e3o sabe como reagir. Mercedes visita a Estev\u00e3o, ele zomba dando-lhe as boas-vindas \u00e0 sua \u201cnamorada\u201d, ambos riem e se abra\u00e7am, nesse momento chega Vanessa e se surpreende. C\u00edntia diz muito feliz a Rog\u00e9rio que j\u00e1 ficou sabendo que ele n\u00e3o vai sair de lua de mel e pergunta se \u00e9 porque vai se divorciar de Ana Paula, este responde que n\u00e3o sabe de onde ela tirou essa bobagem e deixa claro que nunca vai se separar.<\/p>\n<p>Ana Paula diz a Rog\u00e9rio que aceita come\u00e7ar do zero, ele a beija na m\u00e3o. Rog\u00e9rio e Ana Paula chegam \u00e0s lagoas de Montebello, ao querer remar, perde o controle e Ana Paula cai na \u00e1gua. Rog\u00e9rio tenta salv\u00e1-la, mas se frusta ao ser resgatado por ela. Enquanto isso na fazenda, Bruno procura o contrato de Rog\u00e9rio e Ana Paula, j\u00e1 C\u00edntia procura o testamento do seu pai, ambos se surpreendem quando se encontram. Estev\u00e3o procura Vanessa para dizer que sabe que sua rela\u00e7\u00e3o com Rog\u00e9rio terminou, e apesar de ter muitas d\u00favidas quer propor que se deem uma segunda chance, os olhos dela se enchem de l\u00e1grimas. Por outro lado, Elias confessa a C\u00edntia que gosta de se relacionar com ela, mas deseja ter filhos e esposa, esta responde que n\u00e3o vai dividi-lo com outra mulher.<\/p>\n<p>Mais tarde, Gustavo procura David e reclama por t\u00ea-lo acusado de suborno com Firmino, o insulta e se agarram a golpes. Enquanto isso, Miguel conta a Bruno sobre o contrato que Ana Paula assinou e estranha porque ele n\u00e3o sabia de nada, este lhe pede que consiga o documento para verificar que n\u00e3o \u00e9 nada ruim. Gra\u00e7as \u00e0 viagem Rog\u00e9rio se d\u00e1 conta que realmente est\u00e1 apaixonado por Ana Paula. C\u00edntia diz a Maria que ela continua com a ideia de que Ana Paula s\u00f3 se casou por interesse com Rog\u00e9rio. Ana Paula faz uma terapia com Rog\u00e9rio na \u00e1gua, ele diz que se sente muito bem e se aproxima para beij\u00e1-la.<\/p>\n<p>(*) edi\u00e7\u00e3o do SBT, Novela \u201cA Que N\u00e3o Podia Amar\u201d, sujeito a altera\u00e7\u00e3o de data e conte\u00fado.<\/p>\n<p>Destaques<\/p>\n<p>&#8220;A Que N\u00e3o Podia Amar&#8221;- Ana Paula, uma enfermeira humilde que se v\u00ea obrigada a trabalhar na casa de Rog\u00e9rio Montero (Jorge Salinas), um homem amargurado. Rog\u00e9rio sofre por ser parapl\u00e9gico e destrata todas as pessoas. Ana Paula atura tudo calada e o rica\u00e7o se apaixona por ela.<\/p>\n<p>Ana conhece Gustavo Duran (Jos\u00e9 Ron), um engenheiro nobre e trabalhador. Os dois se apaixonam, mas ter\u00e3o de enfrentar Rog\u00e9rio, j\u00e1 que ele tamb\u00e9m gosta da mocinha, formando assim, um tri\u00e2ngulo amoroso com terr\u00edveis consequ\u00eancias.<\/p>\n","protected":false},"excerpt":{"rendered":"<p>Resumo da novela \u201cA Que N\u00e3o Podia Amar\u201d&nbsp; em 14\/05: no cap\u00edtulo 027(*) da novela, ter\u00e7a-feira, 14 de maio, Firmino diz a Gustavo que s\u00e3o muitas coisas pelas quais ele \u00e9 acusado, este responde que \u00e9 tudo mentira e ele vai provar. Rog\u00e9rio leva Ana Paula para passear no seu lugar preferido, lhe diz que [&hellip;]<\/p>\n","protected":false},"author":4,"featured_media":173627,"comment_status":"open","ping_status":"closed","sticky":false,"template":"","format":"standard","meta":{"_genesis_hide_title":false,"_genesis_hide_breadcrumbs":false,"_genesis_hide_singular_image":false,"_genesis_hide_footer_widgets":false,"_genesis_custom_body_class":"","_genesis_custom_post_class":"","_genesis_layout":"","_jetpack_memberships_contains_paid_content":false,"footnotes":""},"categories":[379,372,343],"tags":[441],"class_list":{"0":"post-176034","1":"post","2":"type-post","3":"status-publish","4":"format-standard","5":"has-post-thumbnail","7":"category-novelas","8":"category-sbt","9":"category-televisao","10":"tag-resumo-do-dia","11":"entry","12":"gs-1","13":"gs-odd","14":"gs-even","15":"gs-featured-content-entry"},"jetpack_featured_media_url":"https:\/\/www.redenoticia.com.br\/noticia\/imagens\/a-que-nao-podia-amar-sbt-01.jpg","jetpack_sharing_enabled":true,"jetpack_likes_enabled":true,"_links":{"self":[{"href":"https:\/\/www.redenoticia.com.br\/noticia\/wp-json\/wp\/v2\/posts\/176034","targetHints":{"allow":["GET"]}}],"collection":[{"href":"https:\/\/www.redenoticia.com.br\/noticia\/wp-json\/wp\/v2\/posts"}],"about":[{"href":"https:\/\/www.redenoticia.com.br\/noticia\/wp-json\/wp\/v2\/types\/post"}],"author":[{"embeddable":true,"href":"https:\/\/www.redenoticia.com.br\/noticia\/wp-json\/wp\/v2\/users\/4"}],"replies":[{"embeddable":true,"href":"https:\/\/www.redenoticia.com.br\/noticia\/wp-json\/wp\/v2\/comments?post=176034"}],"version-history":[{"count":0,"href":"https:\/\/www.redenoticia.com.br\/noticia\/wp-json\/wp\/v2\/posts\/176034\/revisions"}],"wp:featuredmedia":[{"embeddable":true,"href":"https:\/\/www.redenoticia.com.br\/noticia\/wp-json\/wp\/v2\/media\/173627"}],"wp:attachment":[{"href":"https:\/\/www.redenoticia.com.br\/noticia\/wp-json\/wp\/v2\/media?parent=176034"}],"wp:term":[{"taxonomy":"category","embeddable":true,"href":"https:\/\/www.redenoticia.com.br\/noticia\/wp-json\/wp\/v2\/categories?post=176034"},{"taxonomy":"post_tag","embeddable":true,"href":"https:\/\/www.redenoticia.com.br\/noticia\/wp-json\/wp\/v2\/tags?post=176034"}],"curies":[{"name":"wp","href":"https:\/\/api.w.org\/{rel}","templated":true}]}}