{"id":175879,"date":"2019-05-09T15:32:22","date_gmt":"2019-05-09T18:32:22","guid":{"rendered":"https:\/\/www.redenoticia.com.br\/noticia\/?p=175879"},"modified":"2019-05-09T18:38:23","modified_gmt":"2019-05-09T21:38:23","slug":"resumo-novela-a-dona-10-05-valentina-e-detida-pelo-delegado","status":"publish","type":"post","link":"https:\/\/www.redenoticia.com.br\/noticia\/2019\/resumo-novela-a-dona-10-05-valentina-e-detida-pelo-delegado\/175879","title":{"rendered":"Resumo novela \u201cA Dona\u201d 10\/05: Valentina \u00e9 detida pelo delegado"},"content":{"rendered":"<p><img loading=\"lazy\" decoding=\"async\" class=\"aligncenter size-large wp-image-173633\" src=\"https:\/\/www.redenoticia.com.br\/noticia\/imagens\/a-dona-270x300.jpg\" alt=\"\" width=\"270\" height=\"300\" srcset=\"https:\/\/www.redenoticia.com.br\/noticia\/imagens\/a-dona-270x300.jpg 270w, https:\/\/www.redenoticia.com.br\/noticia\/imagens\/a-dona-168x187.jpg 168w, https:\/\/www.redenoticia.com.br\/noticia\/imagens\/a-dona.jpg 380w\" sizes=\"auto, (max-width: 270px) 100vw, 270px\" \/>Resumo da novela <strong><em>\u201cA Dona&#8221;<\/em><\/strong> em 10\/05: no cap\u00edtulo 030(*) da novela, sexta-feira, 10 de maio, Valentina beija Jos\u00e9 Miguel e ele, feliz, diz que com um beijo desses qualquer um ganha \u00e2nimo para a vida e que nem se quisesse conseguiria morrer. Valentina cr\u00ea ser uma brincadeira de Jos\u00e9 Miguel e diz que ele est\u00e1 fingindo estar mal s\u00f3 para ganhar um beijo seu. Ele confirma. Ele diz a Felipe que n\u00e3o quer que Valentina saiba, mas na verdade ele realmente se sente muito mal. Felipe diz a Jos\u00e9 Miguel que a bala n\u00e3o atingiu nenhum \u00f3rg\u00e3o interno, mas que ele perdeu muito sangue e pode contrair uma infec\u00e7\u00e3o. Leonor fica angustiada com a falta de not\u00edcias de Jos\u00e9 Miguel. Jos\u00e9 Miguel diz a Valentina que sua fam\u00edlia deve estar muito preocupada com ele. Valentina diz que vai mandar avis\u00e1-los.<\/p>\n<p>Jos\u00e9 Miguel brinca que talvez eles estejam pensando que os dois fugiram juntos. Valentina diz que n\u00e3o v\u00ea nenhuma gra\u00e7a em seu senso de humor. O delegado mostra sua arma a Rodrigo e diz que ele est\u00e1 detido pelo desaparecimento de Jos\u00e9 Miguel. Felipe diz a Leonor que, acidentalmente, Valentina feriu Jos\u00e9 Miguel. Leonor ao ver Valentina, garante que ela mesma vai se assegurar que Valentina apodre\u00e7a na cadeia e exige que ela saia imediatamente de perto de Jos\u00e9 Miguel. Valentina diz a Leonor que fa\u00e7a o que fizer, n\u00e3o sair\u00e1 do hospital at\u00e9 ter certeza que Jos\u00e9 Miguel est\u00e1 fora de perigo e bem. Valentina se declara culpada pelo disparo acidental a Jos\u00e9 Miguel e \u00e9 detida pelo delegado. Ela ainda inocenta Rodrigo do ocorrido. Rodrigo repreende Cristina e a diz que deixe de pedir favores em seu nome e, se Valentina seguir se metendo em seus problemas, se dar\u00e1 muito mal.<\/p>\n<p>(*) edi\u00e7\u00e3o do SBT, Novela \u201cA Dona\u201d, sujeito a altera\u00e7\u00e3o de data e conte\u00fado.<\/p>\n<p>Destaques<\/p>\n<p>&#8220;A Dona&#8221; &#8211; Valentina Vila\u00e7a (Lucero) \u00e9 uma mulher que tem uma grande fortuna, que seus pais deixaram para ela quando morreram em um acidente de carro. Ela tem uma mans\u00e3o na Cidade do M\u00e9xico, onde vive com sua tia Isabel Rangel de Dorantes (Silvia Pinal), e sua prima Ivana Dorantes Rangel (Gabriela Spanic) que trata Valentina com muita indiferen\u00e7a e sente inveja dela.<\/p>\n<p>Tudo muda para Valentina quando seu noivo Alonso Penalva (David Zepeda), tramando com Ivana no dia de seu casamento, a deixa esperando no altar. A partir da\u00ed, Valentina se torna uma mulher amarga, e vai para sua fazenda, no interior. Chegando l\u00e1, ela conhece seu vizinho Jos\u00e9 Miguel Montesinos (Fernando Colunga).<\/p>\n","protected":false},"excerpt":{"rendered":"<p>Resumo da novela \u201cA Dona&#8221; em 10\/05: no cap\u00edtulo 030(*) da novela, sexta-feira, 10 de maio, Valentina beija Jos\u00e9 Miguel e ele, feliz, diz que com um beijo desses qualquer um ganha \u00e2nimo para a vida e que nem se quisesse conseguiria morrer. Valentina cr\u00ea ser uma brincadeira de Jos\u00e9 Miguel e diz que ele [&hellip;]<\/p>\n","protected":false},"author":4,"featured_media":173626,"comment_status":"open","ping_status":"closed","sticky":false,"template":"","format":"standard","meta":{"_genesis_hide_title":false,"_genesis_hide_breadcrumbs":false,"_genesis_hide_singular_image":false,"_genesis_hide_footer_widgets":false,"_genesis_custom_body_class":"","_genesis_custom_post_class":"","_genesis_layout":"","_jetpack_memberships_contains_paid_content":false,"footnotes":""},"categories":[379,372,343],"tags":[441],"class_list":{"0":"post-175879","1":"post","2":"type-post","3":"status-publish","4":"format-standard","5":"has-post-thumbnail","7":"category-novelas","8":"category-sbt","9":"category-televisao","10":"tag-resumo-do-dia","11":"entry","12":"gs-1","13":"gs-odd","14":"gs-even","15":"gs-featured-content-entry"},"jetpack_featured_media_url":"https:\/\/www.redenoticia.com.br\/noticia\/imagens\/a-dona-03.jpg","jetpack_sharing_enabled":true,"jetpack_likes_enabled":true,"_links":{"self":[{"href":"https:\/\/www.redenoticia.com.br\/noticia\/wp-json\/wp\/v2\/posts\/175879","targetHints":{"allow":["GET"]}}],"collection":[{"href":"https:\/\/www.redenoticia.com.br\/noticia\/wp-json\/wp\/v2\/posts"}],"about":[{"href":"https:\/\/www.redenoticia.com.br\/noticia\/wp-json\/wp\/v2\/types\/post"}],"author":[{"embeddable":true,"href":"https:\/\/www.redenoticia.com.br\/noticia\/wp-json\/wp\/v2\/users\/4"}],"replies":[{"embeddable":true,"href":"https:\/\/www.redenoticia.com.br\/noticia\/wp-json\/wp\/v2\/comments?post=175879"}],"version-history":[{"count":0,"href":"https:\/\/www.redenoticia.com.br\/noticia\/wp-json\/wp\/v2\/posts\/175879\/revisions"}],"wp:featuredmedia":[{"embeddable":true,"href":"https:\/\/www.redenoticia.com.br\/noticia\/wp-json\/wp\/v2\/media\/173626"}],"wp:attachment":[{"href":"https:\/\/www.redenoticia.com.br\/noticia\/wp-json\/wp\/v2\/media?parent=175879"}],"wp:term":[{"taxonomy":"category","embeddable":true,"href":"https:\/\/www.redenoticia.com.br\/noticia\/wp-json\/wp\/v2\/categories?post=175879"},{"taxonomy":"post_tag","embeddable":true,"href":"https:\/\/www.redenoticia.com.br\/noticia\/wp-json\/wp\/v2\/tags?post=175879"}],"curies":[{"name":"wp","href":"https:\/\/api.w.org\/{rel}","templated":true}]}}