{"id":175826,"date":"2019-05-08T15:51:51","date_gmt":"2019-05-08T18:51:51","guid":{"rendered":"https:\/\/www.redenoticia.com.br\/noticia\/?p=175826"},"modified":"2019-05-09T11:50:54","modified_gmt":"2019-05-09T14:50:54","slug":"resumo-novela-a-que-nao-podia-amar-09-05-acontece-o-casamento-de-rogerio-e-ana-paula","status":"publish","type":"post","link":"https:\/\/www.redenoticia.com.br\/noticia\/2019\/resumo-novela-a-que-nao-podia-amar-09-05-acontece-o-casamento-de-rogerio-e-ana-paula\/175826","title":{"rendered":"Resumo novela \u201cA Que N\u00e3o Podia Amar\u201d 09\/05: Acontece o casamento de Rog\u00e9rio e Ana Paula"},"content":{"rendered":"<p><strong><em><img loading=\"lazy\" decoding=\"async\" class=\"aligncenter size-large wp-image-173635\" src=\"https:\/\/www.redenoticia.com.br\/noticia\/imagens\/a-que-nao-podia-amar-400x271.jpg\" alt=\"\" width=\"400\" height=\"271\" srcset=\"https:\/\/www.redenoticia.com.br\/noticia\/imagens\/a-que-nao-podia-amar-400x271.jpg 400w, https:\/\/www.redenoticia.com.br\/noticia\/imagens\/a-que-nao-podia-amar-250x169.jpg 250w, https:\/\/www.redenoticia.com.br\/noticia\/imagens\/a-que-nao-podia-amar-560x379.jpg 560w, https:\/\/www.redenoticia.com.br\/noticia\/imagens\/a-que-nao-podia-amar.jpg 620w\" sizes=\"auto, (max-width: 400px) 100vw, 400px\" \/><\/em><\/strong><\/p>\n<p>Resumo da novela<strong><em> \u201cA Que N\u00e3o Podia Amar\u201d&nbsp;<\/em><\/strong> em 09\/05: no cap\u00edtulo 024 (*) da novela, quinta-feira, 09 de maio, Ana Paula diz a Dany que n\u00e3o sabe se vai suportar estar casada com Rog\u00e9rio. Dany a aconselha a esquecer Gustavo. Elias diz a C\u00edntia que gostaria de ser seu par no casamento de seu irm\u00e3o. Vanessa diz a C\u00edntia que conseguiu um helic\u00f3ptero e vai ao casamento para impedir que Rog\u00e9rio se case com Ana Paula. Gustavo diz a David que precisa conversar com ele, mas David responde que n\u00e3o pode atend\u00ea-lo nesse momento, pois precisa ir ao casamento de Rog\u00e9rio. David convida Gustavo para ir ao casamento de Rog\u00e9rio, mas ele n\u00e3o aceita. Rog\u00e9rio diz a Ana Paula que gosta dela apesar de sua personalidade forte. Ana responde que por um ano ser\u00e1 dono de sua vida e de seu tempo, mas n\u00e3o de seu carinho e respeito.<\/p>\n<p>Vanessa chega no casamento e enfrenta Ana Paula, lhe diz que Rog\u00e9rio jamais vai am\u00e1-la e que \u00e9 ela uma qualquer, nesse momento se aproxima para lhe dar uma bofetada, mas Ana Paula segura sua m\u00e3o e lhe adverte que jamais se atreva a levantar a m\u00e3o para ela. Rog\u00e9rio diz a Vanessa que ele e Ana Paula se amam e pede que se retire. Furiosa, Vanessa diz a C\u00edntia que vai iniciar uma guerra contra Rog\u00e9rio e Ana Paula e pergunta de que lado ela vai ficar. Elias fica furioso ao saber que C\u00edntia e David s\u00e3o namorados. Ela diz que \u00e9 uma exig\u00eancia do irm\u00e3o. Rosaura diz a Rog\u00e9rio que jamais imaginou que ele poderia chegar a ser seu sobrinho, irritado, ele a interrompe e diz para ela n\u00e3o tomar essas liberdades, que para Rosaura ele continua sendo Senhor Rog\u00e9rio Montero. Miguel pede a Ana Paula que n\u00e3o se case com Rog\u00e9rio, mas ela diz que assinou um contrato e pretende cumpri-lo. Acontece o casamento de Rog\u00e9rio e Ana Paula.<\/p>\n<p>(*) edi\u00e7\u00e3o do SBT, Novela \u201cA Que N\u00e3o Podia Amar\u201d, sujeito a altera\u00e7\u00e3o de data e conte\u00fado.<\/p>\n<p>Destaques<\/p>\n<p>&#8220;A Que N\u00e3o Podia Amar&#8221;- Ana Paula, uma enfermeira humilde que se v\u00ea obrigada a trabalhar na casa de Rog\u00e9rio Montero (Jorge Salinas), um homem amargurado. Rog\u00e9rio sofre por ser parapl\u00e9gico e destrata todas as pessoas. Ana Paula atura tudo calada e o rica\u00e7o se apaixona por ela.<\/p>\n<p>Ana conhece Gustavo Duran (Jos\u00e9 Ron), um engenheiro nobre e trabalhador. Os dois se apaixonam, mas ter\u00e3o de enfrentar Rog\u00e9rio, j\u00e1 que ele tamb\u00e9m gosta da mocinha, formando assim, um tri\u00e2ngulo amoroso com terr\u00edveis consequ\u00eancias.<\/p>\n","protected":false},"excerpt":{"rendered":"<p>Resumo da novela \u201cA Que N\u00e3o Podia Amar\u201d&nbsp; em 09\/05: no cap\u00edtulo 024 (*) da novela, quinta-feira, 09 de maio, Ana Paula diz a Dany que n\u00e3o sabe se vai suportar estar casada com Rog\u00e9rio. Dany a aconselha a esquecer Gustavo. Elias diz a C\u00edntia que gostaria de ser seu par no casamento de seu [&hellip;]<\/p>\n","protected":false},"author":4,"featured_media":173627,"comment_status":"open","ping_status":"closed","sticky":false,"template":"","format":"standard","meta":{"_genesis_hide_title":false,"_genesis_hide_breadcrumbs":false,"_genesis_hide_singular_image":false,"_genesis_hide_footer_widgets":false,"_genesis_custom_body_class":"","_genesis_custom_post_class":"","_genesis_layout":"","_jetpack_memberships_contains_paid_content":false,"footnotes":""},"categories":[379,372,343],"tags":[441],"class_list":{"0":"post-175826","1":"post","2":"type-post","3":"status-publish","4":"format-standard","5":"has-post-thumbnail","7":"category-novelas","8":"category-sbt","9":"category-televisao","10":"tag-resumo-do-dia","11":"entry","12":"gs-1","13":"gs-odd","14":"gs-even","15":"gs-featured-content-entry"},"jetpack_featured_media_url":"https:\/\/www.redenoticia.com.br\/noticia\/imagens\/a-que-nao-podia-amar-sbt-01.jpg","jetpack_sharing_enabled":true,"jetpack_likes_enabled":true,"_links":{"self":[{"href":"https:\/\/www.redenoticia.com.br\/noticia\/wp-json\/wp\/v2\/posts\/175826","targetHints":{"allow":["GET"]}}],"collection":[{"href":"https:\/\/www.redenoticia.com.br\/noticia\/wp-json\/wp\/v2\/posts"}],"about":[{"href":"https:\/\/www.redenoticia.com.br\/noticia\/wp-json\/wp\/v2\/types\/post"}],"author":[{"embeddable":true,"href":"https:\/\/www.redenoticia.com.br\/noticia\/wp-json\/wp\/v2\/users\/4"}],"replies":[{"embeddable":true,"href":"https:\/\/www.redenoticia.com.br\/noticia\/wp-json\/wp\/v2\/comments?post=175826"}],"version-history":[{"count":0,"href":"https:\/\/www.redenoticia.com.br\/noticia\/wp-json\/wp\/v2\/posts\/175826\/revisions"}],"wp:featuredmedia":[{"embeddable":true,"href":"https:\/\/www.redenoticia.com.br\/noticia\/wp-json\/wp\/v2\/media\/173627"}],"wp:attachment":[{"href":"https:\/\/www.redenoticia.com.br\/noticia\/wp-json\/wp\/v2\/media?parent=175826"}],"wp:term":[{"taxonomy":"category","embeddable":true,"href":"https:\/\/www.redenoticia.com.br\/noticia\/wp-json\/wp\/v2\/categories?post=175826"},{"taxonomy":"post_tag","embeddable":true,"href":"https:\/\/www.redenoticia.com.br\/noticia\/wp-json\/wp\/v2\/tags?post=175826"}],"curies":[{"name":"wp","href":"https:\/\/api.w.org\/{rel}","templated":true}]}}