{"id":175824,"date":"2019-05-08T15:50:49","date_gmt":"2019-05-08T18:50:49","guid":{"rendered":"https:\/\/www.redenoticia.com.br\/noticia\/?p=175824"},"modified":"2019-05-09T11:51:11","modified_gmt":"2019-05-09T14:51:11","slug":"resumo-novela-a-dona-09-05-jose-miguel-descobre-que-valentina-comprou-o-rebanho-que-era-para-ser-dele","status":"publish","type":"post","link":"https:\/\/www.redenoticia.com.br\/noticia\/2019\/resumo-novela-a-dona-09-05-jose-miguel-descobre-que-valentina-comprou-o-rebanho-que-era-para-ser-dele\/175824","title":{"rendered":"Resumo novela \u201cA Dona\u201d 09\/05: Jos\u00e9 Miguel descobre que Valentina comprou o rebanho que era para ser dele"},"content":{"rendered":"<p><img loading=\"lazy\" decoding=\"async\" class=\"aligncenter size-large wp-image-173633\" src=\"https:\/\/www.redenoticia.com.br\/noticia\/imagens\/a-dona-270x300.jpg\" alt=\"\" width=\"270\" height=\"300\" srcset=\"https:\/\/www.redenoticia.com.br\/noticia\/imagens\/a-dona-270x300.jpg 270w, https:\/\/www.redenoticia.com.br\/noticia\/imagens\/a-dona-168x187.jpg 168w, https:\/\/www.redenoticia.com.br\/noticia\/imagens\/a-dona.jpg 380w\" sizes=\"auto, (max-width: 270px) 100vw, 270px\" \/>Resumo da novela <strong><em>\u201cA Dona&#8221;<\/em><\/strong> em 09\/05: no cap\u00edtulo &#8230;(*) da novela, quinta-feira, 09 de maio, No capitulo 029, quinta-feira, 09 de maio \u2013 o gerente do banco vai conversar com Jos\u00e9 Miguel e diz que Valentina toparia comprar parte de sua fazenda. Ele diz que a fazenda n\u00e3o est\u00e1 \u00e0 venda e mesmo que se estivesse venderia para qualquer pessoa exceto para Valentina. Jos\u00e9 Miguel vai conversar com Valentina e diz que ela \u00e9 muito boa em derrubar cercas. Valentina fica muito nervosa com Jos\u00e9 Miguel. Leonor pensa em ir para capital depois que Frederico morrer. Ivana come\u00e7a a pensar em um meio de conseguir conquistar Jos\u00e9 Miguel. Valentina chama a aten\u00e7\u00e3o de Rodrigo por ele ter derrubado a cerca. Jos\u00e9 Miguel vai atr\u00e1s de Valentina morrendo de raiva, mas ao chegar na fazenda \u00e9 informado de que a dona n\u00e3o est\u00e1.<\/p>\n<p>Sabino diz a Leonor que ela deve fazer de tudo para Jos\u00e9 Miguel n\u00e3o se aproximar de Valentina e pede para ele ficar bem longe de Rodrigo. Jos\u00e9 Miguel vai atr\u00e1s de Valentina e segura o bra\u00e7o dela com for\u00e7a e pede para ela se desculpar por ter comprado o rebanho que era para ser dele. Valentina diz que seus funcion\u00e1rios s\u00e3o todos covardes pois ningu\u00e9m fez nada para defende-la de Jos\u00e9 Miguel. Um dos empregados diz que est\u00e3o cansados de serem humilhados por ela. Jos\u00e9 Miguel come\u00e7a a pensar e se arrepende de ter humilhado Valentina frente a todos os seus empregados.<\/p>\n<p>(*) edi\u00e7\u00e3o do SBT, Novela \u201cA Dona\u201d, sujeito a altera\u00e7\u00e3o de data e conte\u00fado.<\/p>\n<p>Destaques<\/p>\n<p>&#8220;A Dona&#8221; &#8211; Valentina Vila\u00e7a (Lucero) \u00e9 uma mulher que tem uma grande fortuna, que seus pais deixaram para ela quando morreram em um acidente de carro. Ela tem uma mans\u00e3o na Cidade do M\u00e9xico, onde vive com sua tia Isabel Rangel de Dorantes (Silvia Pinal), e sua prima Ivana Dorantes Rangel (Gabriela Spanic) que trata Valentina com muita indiferen\u00e7a e sente inveja dela.<\/p>\n<p>Tudo muda para Valentina quando seu noivo Alonso Penalva (David Zepeda), tramando com Ivana no dia de seu casamento, a deixa esperando no altar. A partir da\u00ed, Valentina se torna uma mulher amarga, e vai para sua fazenda, no interior. Chegando l\u00e1, ela conhece seu vizinho Jos\u00e9 Miguel Montesinos (Fernando Colunga).<\/p>\n","protected":false},"excerpt":{"rendered":"<p>Resumo da novela \u201cA Dona&#8221; em 09\/05: no cap\u00edtulo &#8230;(*) da novela, quinta-feira, 09 de maio, No capitulo 029, quinta-feira, 09 de maio \u2013 o gerente do banco vai conversar com Jos\u00e9 Miguel e diz que Valentina toparia comprar parte de sua fazenda. Ele diz que a fazenda n\u00e3o est\u00e1 \u00e0 venda e mesmo que [&hellip;]<\/p>\n","protected":false},"author":4,"featured_media":173626,"comment_status":"open","ping_status":"closed","sticky":false,"template":"","format":"standard","meta":{"_genesis_hide_title":false,"_genesis_hide_breadcrumbs":false,"_genesis_hide_singular_image":false,"_genesis_hide_footer_widgets":false,"_genesis_custom_body_class":"","_genesis_custom_post_class":"","_genesis_layout":"","_jetpack_memberships_contains_paid_content":false,"footnotes":""},"categories":[379,372,343],"tags":[441],"class_list":{"0":"post-175824","1":"post","2":"type-post","3":"status-publish","4":"format-standard","5":"has-post-thumbnail","7":"category-novelas","8":"category-sbt","9":"category-televisao","10":"tag-resumo-do-dia","11":"entry","12":"gs-1","13":"gs-odd","14":"gs-even","15":"gs-featured-content-entry"},"jetpack_featured_media_url":"https:\/\/www.redenoticia.com.br\/noticia\/imagens\/a-dona-03.jpg","jetpack_sharing_enabled":true,"jetpack_likes_enabled":true,"_links":{"self":[{"href":"https:\/\/www.redenoticia.com.br\/noticia\/wp-json\/wp\/v2\/posts\/175824","targetHints":{"allow":["GET"]}}],"collection":[{"href":"https:\/\/www.redenoticia.com.br\/noticia\/wp-json\/wp\/v2\/posts"}],"about":[{"href":"https:\/\/www.redenoticia.com.br\/noticia\/wp-json\/wp\/v2\/types\/post"}],"author":[{"embeddable":true,"href":"https:\/\/www.redenoticia.com.br\/noticia\/wp-json\/wp\/v2\/users\/4"}],"replies":[{"embeddable":true,"href":"https:\/\/www.redenoticia.com.br\/noticia\/wp-json\/wp\/v2\/comments?post=175824"}],"version-history":[{"count":0,"href":"https:\/\/www.redenoticia.com.br\/noticia\/wp-json\/wp\/v2\/posts\/175824\/revisions"}],"wp:featuredmedia":[{"embeddable":true,"href":"https:\/\/www.redenoticia.com.br\/noticia\/wp-json\/wp\/v2\/media\/173626"}],"wp:attachment":[{"href":"https:\/\/www.redenoticia.com.br\/noticia\/wp-json\/wp\/v2\/media?parent=175824"}],"wp:term":[{"taxonomy":"category","embeddable":true,"href":"https:\/\/www.redenoticia.com.br\/noticia\/wp-json\/wp\/v2\/categories?post=175824"},{"taxonomy":"post_tag","embeddable":true,"href":"https:\/\/www.redenoticia.com.br\/noticia\/wp-json\/wp\/v2\/tags?post=175824"}],"curies":[{"name":"wp","href":"https:\/\/api.w.org\/{rel}","templated":true}]}}