{"id":175770,"date":"2019-05-07T11:19:04","date_gmt":"2019-05-07T14:19:04","guid":{"rendered":"https:\/\/www.redenoticia.com.br\/noticia\/?p=175770"},"modified":"2019-05-09T18:45:55","modified_gmt":"2019-05-09T21:45:55","slug":"resumo-novela-a-que-nao-podia-amar-08-05-vanessa-descobre-que-rogerio-vai-se-casar-com-ana-paula","status":"publish","type":"post","link":"https:\/\/www.redenoticia.com.br\/noticia\/2019\/resumo-novela-a-que-nao-podia-amar-08-05-vanessa-descobre-que-rogerio-vai-se-casar-com-ana-paula\/175770","title":{"rendered":"Resumo novela \u201cA Que N\u00e3o Podia Amar\u201d 08\/05: Vanessa descobre que Rog\u00e9rio vai se casar com Ana Paula"},"content":{"rendered":"<p><strong><em><img loading=\"lazy\" decoding=\"async\" class=\"aligncenter size-large wp-image-173635\" src=\"https:\/\/www.redenoticia.com.br\/noticia\/imagens\/a-que-nao-podia-amar-400x271.jpg\" alt=\"\" width=\"400\" height=\"271\" srcset=\"https:\/\/www.redenoticia.com.br\/noticia\/imagens\/a-que-nao-podia-amar-400x271.jpg 400w, https:\/\/www.redenoticia.com.br\/noticia\/imagens\/a-que-nao-podia-amar-250x169.jpg 250w, https:\/\/www.redenoticia.com.br\/noticia\/imagens\/a-que-nao-podia-amar-560x379.jpg 560w, https:\/\/www.redenoticia.com.br\/noticia\/imagens\/a-que-nao-podia-amar.jpg 620w\" sizes=\"auto, (max-width: 400px) 100vw, 400px\" \/><\/em><\/strong><\/p>\n<p>Resumo da novela<strong><em> \u201cA Que N\u00e3o Podia Amar\u201d&nbsp;<\/em><\/strong> em 08\/05: no cap\u00edtulo 023(*) da novela, quarta-feira, 08 de maio,  Frederico diz a Vanessa que rescindir o contrato com Rog\u00e9rio implicaria em pagar uma multa milion\u00e1ria, mas a \u00fanica coisa que lhe importa \u00e9 a sua felicidade. Vanessa pede ao ao pai que n\u00e3o cancele o contrato com Rog\u00e9rio e que ela encontrar\u00e1 uma maneira de se vingar dele. C\u00edntia fica chocada ao descobrir que seu irm\u00e3o vai se casar com Ana Paula e, furiosa acusa Rosaura de ter planejado tudo. Rog\u00e9rio informa a Bruno que vai se casar com Ana Paula e lhe adverte que quer que respeite sua mulher, este lhe pergunta se n\u00e3o confia nele, Rog\u00e9rio responde que n\u00e3o confia em ningu\u00e9m. Gustavo, triste, comenta com Firmino que em breve ser\u00e1 seu anivers\u00e1rio e em vez de comemor\u00e1-lo com Ana Paula, ela estar\u00e1 com outro homem. C\u00edntia conta a Vanessa que Rog\u00e9rio vai se casar com sua enfermeira. Rog\u00e9rio leva Ana Paula para um passeio de helic\u00f3ptero e diz que em breve ser\u00e1 a senhora Monteiro e dona de tudo que est\u00e1 vendo no voo panor\u00e2mico. Ana Paula diz que far\u00e1 de tudo para que sejam felizes durante o tempo que estiverem casados.<\/p>\n<p>C\u00edntia, furiosa, critica o irm\u00e3o por se casar com uma mulher que n\u00e3o se compara a Vanessa. Rog\u00e9rio exige que ela respeite Ana Paula. David est\u00e1 furioso e faz amea\u00e7as a Gustavo para que aceite o suborno. Gustavo n\u00e3o se intimida e diz que agir\u00e1 de acordo com a lei e se for preciso a obra ser\u00e1 embargada. C\u00edntia diz a Ana Paula que todos os preparativos eram para o casamento de seu irm\u00e3o com Vanessa e afirma que ela est\u00e1 sendo usada por Rog\u00e9rio para se vingar de Vanessa. Ana Paula critica Rog\u00e9rio pelo que fez com Vanessa e diz que n\u00e3o vai mais se casar com ele. Rog\u00e9rio lembra Ana Paula que ela assinou um contrato e ter\u00e1 que cumpri-lo, pois caso contr\u00e1rio seu irm\u00e3o ir\u00e1 para a cadeia e ainda ter\u00e1 que pagar a d\u00edvida que tem com ele. Ana Paula afirma que vai cumprir o que ficou acordado. Rog\u00e9rio d\u00e1 um colar de presente a Ana Paula e exige que o coloque e afirma que quer que todos saibam que por um ano ser\u00e1 sua propriedade.<\/p>\n<p>(*) edi\u00e7\u00e3o do SBT, Novela \u201cA Que N\u00e3o Podia Amar\u201d, sujeito a altera\u00e7\u00e3o de data e conte\u00fado.<\/p>\n<p>Destaques<\/p>\n<p>&#8220;A Que N\u00e3o Podia Amar&#8221;- Ana Paula, uma enfermeira humilde que se v\u00ea obrigada a trabalhar na casa de Rog\u00e9rio Montero (Jorge Salinas), um homem amargurado. Rog\u00e9rio sofre por ser parapl\u00e9gico e destrata todas as pessoas. Ana Paula atura tudo calada e o rica\u00e7o se apaixona por ela.<\/p>\n<p>Ana conhece Gustavo Duran (Jos\u00e9 Ron), um engenheiro nobre e trabalhador. Os dois se apaixonam, mas ter\u00e3o de enfrentar Rog\u00e9rio, j\u00e1 que ele tamb\u00e9m gosta da mocinha, formando assim, um tri\u00e2ngulo amoroso com terr\u00edveis consequ\u00eancias.<\/p>\n","protected":false},"excerpt":{"rendered":"<p>Resumo da novela \u201cA Que N\u00e3o Podia Amar\u201d&nbsp; em 08\/05: no cap\u00edtulo 023(*) da novela, quarta-feira, 08 de maio, Frederico diz a Vanessa que rescindir o contrato com Rog\u00e9rio implicaria em pagar uma multa milion\u00e1ria, mas a \u00fanica coisa que lhe importa \u00e9 a sua felicidade. Vanessa pede ao ao pai que n\u00e3o cancele o [&hellip;]<\/p>\n","protected":false},"author":4,"featured_media":173627,"comment_status":"open","ping_status":"closed","sticky":false,"template":"","format":"standard","meta":{"_genesis_hide_title":false,"_genesis_hide_breadcrumbs":false,"_genesis_hide_singular_image":false,"_genesis_hide_footer_widgets":false,"_genesis_custom_body_class":"","_genesis_custom_post_class":"","_genesis_layout":"","_jetpack_memberships_contains_paid_content":false,"footnotes":""},"categories":[379,372,343],"tags":[441],"class_list":{"0":"post-175770","1":"post","2":"type-post","3":"status-publish","4":"format-standard","5":"has-post-thumbnail","7":"category-novelas","8":"category-sbt","9":"category-televisao","10":"tag-resumo-do-dia","11":"entry","12":"gs-1","13":"gs-odd","14":"gs-even","15":"gs-featured-content-entry"},"jetpack_featured_media_url":"https:\/\/www.redenoticia.com.br\/noticia\/imagens\/a-que-nao-podia-amar-sbt-01.jpg","jetpack_sharing_enabled":true,"jetpack_likes_enabled":true,"_links":{"self":[{"href":"https:\/\/www.redenoticia.com.br\/noticia\/wp-json\/wp\/v2\/posts\/175770","targetHints":{"allow":["GET"]}}],"collection":[{"href":"https:\/\/www.redenoticia.com.br\/noticia\/wp-json\/wp\/v2\/posts"}],"about":[{"href":"https:\/\/www.redenoticia.com.br\/noticia\/wp-json\/wp\/v2\/types\/post"}],"author":[{"embeddable":true,"href":"https:\/\/www.redenoticia.com.br\/noticia\/wp-json\/wp\/v2\/users\/4"}],"replies":[{"embeddable":true,"href":"https:\/\/www.redenoticia.com.br\/noticia\/wp-json\/wp\/v2\/comments?post=175770"}],"version-history":[{"count":0,"href":"https:\/\/www.redenoticia.com.br\/noticia\/wp-json\/wp\/v2\/posts\/175770\/revisions"}],"wp:featuredmedia":[{"embeddable":true,"href":"https:\/\/www.redenoticia.com.br\/noticia\/wp-json\/wp\/v2\/media\/173627"}],"wp:attachment":[{"href":"https:\/\/www.redenoticia.com.br\/noticia\/wp-json\/wp\/v2\/media?parent=175770"}],"wp:term":[{"taxonomy":"category","embeddable":true,"href":"https:\/\/www.redenoticia.com.br\/noticia\/wp-json\/wp\/v2\/categories?post=175770"},{"taxonomy":"post_tag","embeddable":true,"href":"https:\/\/www.redenoticia.com.br\/noticia\/wp-json\/wp\/v2\/tags?post=175770"}],"curies":[{"name":"wp","href":"https:\/\/api.w.org\/{rel}","templated":true}]}}