{"id":175768,"date":"2019-05-07T11:17:52","date_gmt":"2019-05-07T14:17:52","guid":{"rendered":"https:\/\/www.redenoticia.com.br\/noticia\/?p=175768"},"modified":"2019-05-09T18:45:57","modified_gmt":"2019-05-09T21:45:57","slug":"resumo-novela-a-dona-08-05-valentina-descobre-sobre-o-beijo-de-ivana-e-alonso","status":"publish","type":"post","link":"https:\/\/www.redenoticia.com.br\/noticia\/2019\/resumo-novela-a-dona-08-05-valentina-descobre-sobre-o-beijo-de-ivana-e-alonso\/175768","title":{"rendered":"Resumo novela \u201cA Dona\u201d 08\/05: Valentina descobre sobre o beijo de Ivana e Alonso"},"content":{"rendered":"<p><img loading=\"lazy\" decoding=\"async\" class=\"aligncenter size-large wp-image-173633\" src=\"https:\/\/www.redenoticia.com.br\/noticia\/imagens\/a-dona-270x300.jpg\" alt=\"\" width=\"270\" height=\"300\" srcset=\"https:\/\/www.redenoticia.com.br\/noticia\/imagens\/a-dona-270x300.jpg 270w, https:\/\/www.redenoticia.com.br\/noticia\/imagens\/a-dona-168x187.jpg 168w, https:\/\/www.redenoticia.com.br\/noticia\/imagens\/a-dona.jpg 380w\" sizes=\"auto, (max-width: 270px) 100vw, 270px\" \/>Resumo da novela <strong><em>\u201cA Dona&#8221;<\/em><\/strong> em 08\/05: no cap\u00edtulo 028(*) da novela, quarta-feira, 08 de maio, Isabel diz a Valentina que dias antes de seu casamento surpreendeu Alonso e Ivana se beijando, por\u00e9m ele o fazia a for\u00e7a. Ivana diz a Valentina que s\u00f3 n\u00e3o a disse antes porque se o tivesse feito ela n\u00e3o teria acreditado, j\u00e1 que estava cega de amor. Valentina diz que era obriga\u00e7\u00e3o delas dizer algo t\u00e3o grave, independente de ela acreditar ou n\u00e3o. Valentina diz a Benita que est\u00e1 triste por n\u00e3o poder confiar nem nas pessoas de sua fam\u00edlia, as quais ama, e que agora, como nunca, d\u00favida do amor que Isabel e Ivana dizem sentir por ela. Benita diz a Valentina que pra ela n\u00e3o importa o qu\u00e3o fria e grosseira seja, sempre seguir\u00e1 a amando como uma filha. Jos\u00e9 Miguel repreende sua m\u00e3e ao v\u00ea-la expulsando Jesus da casa grande. Ela responde que ele e seus amigos podem roubar suas coisas, e que jamais permitir\u00e1 que eles tenham livre acesso a casa.<\/p>\n<p>Ivana procura Valentina para pedir lhe perd\u00e3o. Ela diz que jamais quis mago\u00e1-la e que nunca se relacionaria com um homem comprometido com algu\u00e9m de sua fam\u00edlia, a quem ama, e se Valentina n\u00e3o acreditar nela, naquele mesmo momento vai embora da fazenda. Valentina responde que duvida muito que Alonso tenha a beijado a for\u00e7a e, quanto a ir embora da fazenda, que Ivana fa\u00e7a o que achar mais conveniente. Ivana fica furiosa, pois pensava que Valentina a deixaria na fazenda. Hor\u00e1rio diz a Ivana que est\u00e1 na hora de se assumirem como namorados para o povoado, Ivana responde que n\u00e3o \u00e9 o momento e que devem esperar um pouco mais. Benita surpreende Ivana e Hor\u00e1cio. Ivana diz que estava indo conversar com Valentina sobre o mal entendido que tiveram.<\/p>\n<p>Benita diz que admira muito a habilidade de Ivana em se safar de tudo, e sempre parecer como a v\u00edtima de qualquer situa\u00e7\u00e3o. Valentina diz a Isabel que agora entende porque Ivana \u00e9 sua filha, e que se sente uma tola pois todo o tempo esteve com o inimigo dentro de sua pr\u00f3pria casa sem se dar conta. Valentina beija Benita na bochecha e a diz que isso n\u00e3o a autoriza a tratar de \u201cTininha\u201d outra vez. Jos\u00e9 Miguel diz a Frederico que seria melhor voltarem para a capital. Ele o responde que deseja morrer na fazenda. Sabino diz a Jos\u00e9 Miguel que tem certeza que a cerca que levantaram para separar as fazendas \u201cOs Carac\u00f3is\u201d e \u201cMontesinos\u201d foi derrubada a mando de Valentina.<\/p>\n<p>(*) edi\u00e7\u00e3o do SBT, Novela \u201cA Dona\u201d, sujeito a altera\u00e7\u00e3o de data e conte\u00fado.<\/p>\n<p>Destaques<\/p>\n<p>&#8220;A Dona&#8221; &#8211; Valentina Vila\u00e7a (Lucero) \u00e9 uma mulher que tem uma grande fortuna, que seus pais deixaram para ela quando morreram em um acidente de carro. Ela tem uma mans\u00e3o na Cidade do M\u00e9xico, onde vive com sua tia Isabel Rangel de Dorantes (Silvia Pinal), e sua prima Ivana Dorantes Rangel (Gabriela Spanic) que trata Valentina com muita indiferen\u00e7a e sente inveja dela.<\/p>\n<p>Tudo muda para Valentina quando seu noivo Alonso Penalva (David Zepeda), tramando com Ivana no dia de seu casamento, a deixa esperando no altar. A partir da\u00ed, Valentina se torna uma mulher amarga, e vai para sua fazenda, no interior. Chegando l\u00e1, ela conhece seu vizinho Jos\u00e9 Miguel Montesinos (Fernando Colunga).<\/p>\n","protected":false},"excerpt":{"rendered":"<p>Resumo da novela \u201cA Dona&#8221; em 08\/05: no cap\u00edtulo 028(*) da novela, quarta-feira, 08 de maio, Isabel diz a Valentina que dias antes de seu casamento surpreendeu Alonso e Ivana se beijando, por\u00e9m ele o fazia a for\u00e7a. Ivana diz a Valentina que s\u00f3 n\u00e3o a disse antes porque se o tivesse feito ela n\u00e3o [&hellip;]<\/p>\n","protected":false},"author":4,"featured_media":173626,"comment_status":"open","ping_status":"closed","sticky":false,"template":"","format":"standard","meta":{"_genesis_hide_title":false,"_genesis_hide_breadcrumbs":false,"_genesis_hide_singular_image":false,"_genesis_hide_footer_widgets":false,"_genesis_custom_body_class":"","_genesis_custom_post_class":"","_genesis_layout":"","_jetpack_memberships_contains_paid_content":false,"footnotes":""},"categories":[379,372,343],"tags":[441],"class_list":{"0":"post-175768","1":"post","2":"type-post","3":"status-publish","4":"format-standard","5":"has-post-thumbnail","7":"category-novelas","8":"category-sbt","9":"category-televisao","10":"tag-resumo-do-dia","11":"entry","12":"gs-1","13":"gs-odd","14":"gs-even","15":"gs-featured-content-entry"},"jetpack_featured_media_url":"https:\/\/www.redenoticia.com.br\/noticia\/imagens\/a-dona-03.jpg","jetpack_sharing_enabled":true,"jetpack_likes_enabled":true,"_links":{"self":[{"href":"https:\/\/www.redenoticia.com.br\/noticia\/wp-json\/wp\/v2\/posts\/175768","targetHints":{"allow":["GET"]}}],"collection":[{"href":"https:\/\/www.redenoticia.com.br\/noticia\/wp-json\/wp\/v2\/posts"}],"about":[{"href":"https:\/\/www.redenoticia.com.br\/noticia\/wp-json\/wp\/v2\/types\/post"}],"author":[{"embeddable":true,"href":"https:\/\/www.redenoticia.com.br\/noticia\/wp-json\/wp\/v2\/users\/4"}],"replies":[{"embeddable":true,"href":"https:\/\/www.redenoticia.com.br\/noticia\/wp-json\/wp\/v2\/comments?post=175768"}],"version-history":[{"count":0,"href":"https:\/\/www.redenoticia.com.br\/noticia\/wp-json\/wp\/v2\/posts\/175768\/revisions"}],"wp:featuredmedia":[{"embeddable":true,"href":"https:\/\/www.redenoticia.com.br\/noticia\/wp-json\/wp\/v2\/media\/173626"}],"wp:attachment":[{"href":"https:\/\/www.redenoticia.com.br\/noticia\/wp-json\/wp\/v2\/media?parent=175768"}],"wp:term":[{"taxonomy":"category","embeddable":true,"href":"https:\/\/www.redenoticia.com.br\/noticia\/wp-json\/wp\/v2\/categories?post=175768"},{"taxonomy":"post_tag","embeddable":true,"href":"https:\/\/www.redenoticia.com.br\/noticia\/wp-json\/wp\/v2\/tags?post=175768"}],"curies":[{"name":"wp","href":"https:\/\/api.w.org\/{rel}","templated":true}]}}