{"id":175714,"date":"2019-05-06T16:09:08","date_gmt":"2019-05-06T19:09:08","guid":{"rendered":"https:\/\/www.redenoticia.com.br\/noticia\/?p=175714"},"modified":"2019-05-09T18:47:42","modified_gmt":"2019-05-09T21:47:42","slug":"resumo-novela-a-que-nao-podia-amar-07-05-frederico-conhece-ana-paula","status":"publish","type":"post","link":"https:\/\/www.redenoticia.com.br\/noticia\/2019\/resumo-novela-a-que-nao-podia-amar-07-05-frederico-conhece-ana-paula\/175714","title":{"rendered":"Resumo novela \u201cA Que N\u00e3o Podia Amar\u201d 07\/05: Frederico conhece Ana Paula"},"content":{"rendered":"<p><strong><em><img loading=\"lazy\" decoding=\"async\" class=\"aligncenter size-large wp-image-173635\" src=\"https:\/\/www.redenoticia.com.br\/noticia\/imagens\/a-que-nao-podia-amar-400x271.jpg\" alt=\"\" width=\"400\" height=\"271\" srcset=\"https:\/\/www.redenoticia.com.br\/noticia\/imagens\/a-que-nao-podia-amar-400x271.jpg 400w, https:\/\/www.redenoticia.com.br\/noticia\/imagens\/a-que-nao-podia-amar-250x169.jpg 250w, https:\/\/www.redenoticia.com.br\/noticia\/imagens\/a-que-nao-podia-amar-560x379.jpg 560w, https:\/\/www.redenoticia.com.br\/noticia\/imagens\/a-que-nao-podia-amar.jpg 620w\" sizes=\"auto, (max-width: 400px) 100vw, 400px\" \/><\/em><\/strong><\/p>\n<p>Resumo da novela<strong><em> \u201cA Que N\u00e3o Podia Amar\u201d&nbsp;<\/em><\/strong> em 07\/05: no cap\u00edtulo 022(*) da novela, ter\u00e7a-feira, 07 de maio, Gustavo est\u00e1 inconsol\u00e1vel porque Ana Paula est\u00e1 envolvida com outro homem, Estev\u00e3o lhe diz que jamais imaginaria que aquela mo\u00e7a com um rosto t\u00e3o angelical seria uma mulher t\u00e3o calculista. Gustavo assegura que vai esquec\u00ea-la, mesmo que seja a \u00faltima coisa que fa\u00e7a em sua vida. Rog\u00e9rio ordena a Bruno que fa\u00e7a o que for preciso para que o irm\u00e3o de Ana Paula n\u00e3o volte para a cadeia. Miguel agradece Rog\u00e9rio por tudo que fez por ele mas diz que n\u00e3o quer que sua irm\u00e3 se case sem amor. Rog\u00e9rio diz que o homem que Ana Paula ama est\u00e1 morto e representar o papel de sua esposa n\u00e3o \u00e9 t\u00e3o terr\u00edvel assim. Dessa maneira ter\u00e3o dinheiro para cobrir todas as despesas e depois de um ano poder\u00e1 procurar o homem de seus sonhos. Ana Paula diz ao irm\u00e3o que n\u00e3o ama Rog\u00e9rio mas est\u00e1 agradecida por tudo que fez por eles, por isso tratar\u00e1 de ser feliz durante o tempo que estiver casada com ele. Marquinho conta a C\u00edntia que Elias assustou a \u00e9gua e o veterin\u00e1rio disse que foi isso que provocou o infarto. C\u00edntia, furiosa, d\u00e1 uma bofetada no capataz e amea\u00e7a contar tudo para seu irm\u00e3o.<\/p>\n<p>David chama Gustavo no escrit\u00f3rio, lhe diz que n\u00e3o h\u00e1 ningu\u00e9m mais capacitado que ele para o trabalho e faz uma proposta para ele voltar para a construtora. Rosaura diz a Helena que sua irm\u00e3, Mariana teve um relacionamento com Frederico, o homem que ela amava. Ao descobrir que ele era casado decidiu se afastar e logo depois ficou sabendo que estava gr\u00e1vida, mas n\u00e3o contou nada a ele. Bruno diz a seu capanga que se as coisas se complicaram vai precisar dele para outro trabalho. Frederico ao conhecer Ana Paula percebe que \u00e9 muito parecida com sua filha, Vanessa. Rog\u00e9rio leva Ana Paula a uma joalheria para escolher as alian\u00e7as. Vanessa organiza uma despedida de solteira e durante a festa, diante de todos os convidados, Rog\u00e9rio diz a ela que agora entende porque cancelou seu compromisso com ele pois n\u00e3o o amava o suficiente para se casar com um paral\u00edtico por isso agora \u00e9 ele quem diz que n\u00e3o a ama o suficiente para se casar.<\/p>\n<p>(*) edi\u00e7\u00e3o do SBT, Novela \u201cA Que N\u00e3o Podia Amar\u201d, sujeito a altera\u00e7\u00e3o de data e conte\u00fado.<\/p>\n<p>Destaques<\/p>\n<p>&#8220;A Que N\u00e3o Podia Amar&#8221;- Ana Paula, uma enfermeira humilde que se v\u00ea obrigada a trabalhar na casa de Rog\u00e9rio Montero (Jorge Salinas), um homem amargurado. Rog\u00e9rio sofre por ser parapl\u00e9gico e destrata todas as pessoas. Ana Paula atura tudo calada e o rica\u00e7o se apaixona por ela.<\/p>\n<p>Ana conhece Gustavo Duran (Jos\u00e9 Ron), um engenheiro nobre e trabalhador. Os dois se apaixonam, mas ter\u00e3o de enfrentar Rog\u00e9rio, j\u00e1 que ele tamb\u00e9m gosta da mocinha, formando assim, um tri\u00e2ngulo amoroso com terr\u00edveis consequ\u00eancias.<\/p>\n","protected":false},"excerpt":{"rendered":"<p>Resumo da novela \u201cA Que N\u00e3o Podia Amar\u201d&nbsp; em 07\/05: no cap\u00edtulo 022(*) da novela, ter\u00e7a-feira, 07 de maio, Gustavo est\u00e1 inconsol\u00e1vel porque Ana Paula est\u00e1 envolvida com outro homem, Estev\u00e3o lhe diz que jamais imaginaria que aquela mo\u00e7a com um rosto t\u00e3o angelical seria uma mulher t\u00e3o calculista. Gustavo assegura que vai esquec\u00ea-la, mesmo [&hellip;]<\/p>\n","protected":false},"author":4,"featured_media":173627,"comment_status":"open","ping_status":"closed","sticky":false,"template":"","format":"standard","meta":{"_genesis_hide_title":false,"_genesis_hide_breadcrumbs":false,"_genesis_hide_singular_image":false,"_genesis_hide_footer_widgets":false,"_genesis_custom_body_class":"","_genesis_custom_post_class":"","_genesis_layout":"","_jetpack_memberships_contains_paid_content":false,"footnotes":""},"categories":[379,372,343],"tags":[441],"class_list":{"0":"post-175714","1":"post","2":"type-post","3":"status-publish","4":"format-standard","5":"has-post-thumbnail","7":"category-novelas","8":"category-sbt","9":"category-televisao","10":"tag-resumo-do-dia","11":"entry","12":"gs-1","13":"gs-odd","14":"gs-even","15":"gs-featured-content-entry"},"jetpack_featured_media_url":"https:\/\/www.redenoticia.com.br\/noticia\/imagens\/a-que-nao-podia-amar-sbt-01.jpg","jetpack_sharing_enabled":true,"jetpack_likes_enabled":true,"_links":{"self":[{"href":"https:\/\/www.redenoticia.com.br\/noticia\/wp-json\/wp\/v2\/posts\/175714","targetHints":{"allow":["GET"]}}],"collection":[{"href":"https:\/\/www.redenoticia.com.br\/noticia\/wp-json\/wp\/v2\/posts"}],"about":[{"href":"https:\/\/www.redenoticia.com.br\/noticia\/wp-json\/wp\/v2\/types\/post"}],"author":[{"embeddable":true,"href":"https:\/\/www.redenoticia.com.br\/noticia\/wp-json\/wp\/v2\/users\/4"}],"replies":[{"embeddable":true,"href":"https:\/\/www.redenoticia.com.br\/noticia\/wp-json\/wp\/v2\/comments?post=175714"}],"version-history":[{"count":0,"href":"https:\/\/www.redenoticia.com.br\/noticia\/wp-json\/wp\/v2\/posts\/175714\/revisions"}],"wp:featuredmedia":[{"embeddable":true,"href":"https:\/\/www.redenoticia.com.br\/noticia\/wp-json\/wp\/v2\/media\/173627"}],"wp:attachment":[{"href":"https:\/\/www.redenoticia.com.br\/noticia\/wp-json\/wp\/v2\/media?parent=175714"}],"wp:term":[{"taxonomy":"category","embeddable":true,"href":"https:\/\/www.redenoticia.com.br\/noticia\/wp-json\/wp\/v2\/categories?post=175714"},{"taxonomy":"post_tag","embeddable":true,"href":"https:\/\/www.redenoticia.com.br\/noticia\/wp-json\/wp\/v2\/tags?post=175714"}],"curies":[{"name":"wp","href":"https:\/\/api.w.org\/{rel}","templated":true}]}}