{"id":175712,"date":"2019-05-06T16:07:52","date_gmt":"2019-05-06T19:07:52","guid":{"rendered":"https:\/\/www.redenoticia.com.br\/noticia\/?p=175712"},"modified":"2019-05-09T18:47:44","modified_gmt":"2019-05-09T21:47:44","slug":"resumo-novela-a-dona-07-05-valentina-quer-saber-o-que-ocorreu-entre-ivana-e-alonso","status":"publish","type":"post","link":"https:\/\/www.redenoticia.com.br\/noticia\/2019\/resumo-novela-a-dona-07-05-valentina-quer-saber-o-que-ocorreu-entre-ivana-e-alonso\/175712","title":{"rendered":"Resumo novela \u201cA Dona\u201d 07\/05: Valentina quer saber o que ocorreu entre Ivana e Alonso"},"content":{"rendered":"<p><img loading=\"lazy\" decoding=\"async\" class=\"aligncenter size-large wp-image-173633\" src=\"https:\/\/www.redenoticia.com.br\/noticia\/imagens\/a-dona-270x300.jpg\" alt=\"\" width=\"270\" height=\"300\" srcset=\"https:\/\/www.redenoticia.com.br\/noticia\/imagens\/a-dona-270x300.jpg 270w, https:\/\/www.redenoticia.com.br\/noticia\/imagens\/a-dona-168x187.jpg 168w, https:\/\/www.redenoticia.com.br\/noticia\/imagens\/a-dona.jpg 380w\" sizes=\"auto, (max-width: 270px) 100vw, 270px\" \/>Resumo da novela <strong><em>\u201cA Dona&#8221;<\/em><\/strong> em 07\/05: no cap\u00edtulo 027(*) da novela, ter\u00e7a-feira, 07 de maio, Benita se zanga ao ouvir Ivana falar mal de Valentina e a adverte que uma palavra mais e ela mesma lhe calar\u00e1 a boca. Isabel se surpreende e pergunta a Benita como ela pode descer ao n\u00edvel de Ivana e a aconselha a ser mais prudente e menos passional. Ivana fala ao telefone com Hor\u00e1cio, mas faz Valentina crer que \u00e9 com Jos\u00e9 Miguel. Frederico diz a Jos\u00e9 Miguel que n\u00e3o tema por sua enfermidade. Ele continua o confortando e diz que est\u00e1 pronto e em paz para morrer, que s\u00f3 teme por sua esposa, e pede que jamais a abandone. Sandra reclama com seu pai sobre o t\u00e9rmino de sua rela\u00e7\u00e3o com Hor\u00e1cio. Ele a responde que a rela\u00e7\u00e3o era um capricho e que ela deve pensar com calma se realmente ama Hor\u00e1cio. Se concluir que sim, deve lutar por ele.<\/p>\n<p>Valentina, furiosa, vai tirar satisfa\u00e7\u00f5es com Jos\u00e9 Miguel por estar \u201croubando\u201d seus trabalhadores. Jos\u00e9 Miguel responde que os trabalhadores est\u00e3o indo por eles mesmos, e que ele n\u00e3o tem culpa alguma nisso. Em seguida sorri, sarc\u00e1stico, e Valentina o assegura que ela mesma vai tratar de tirar esse sorriso do rosto dele. Benita diz a Isabel o quanto gostaria que Valentina e Jos\u00e9 Miguel se acertassem. Sandra encontra Ivana saindo do quarto de Hor\u00e1cio e exige uma explica\u00e7\u00e3o. Astuta, Ivana diz que s\u00f3 foi pedir um conselho, pois acaba de terminar com Jos\u00e9 Miguel. Isabel diz a Ivana que se talvez ela tivesse contato tudo que houve entre ela e Alonso, Valentina teria terminado o relacionamento antes de chegar ao casamento. Valentina chega nesse momento e exige que elas contem o que aconteceu entre Ivana e Alonso.<\/p>\n<p>(*) edi\u00e7\u00e3o do SBT, Novela \u201cA Dona\u201d, sujeito a altera\u00e7\u00e3o de data e conte\u00fado.<\/p>\n<p>Destaques<\/p>\n<p>&#8220;A Dona&#8221; &#8211; Valentina Vila\u00e7a (Lucero) \u00e9 uma mulher que tem uma grande fortuna, que seus pais deixaram para ela quando morreram em um acidente de carro. Ela tem uma mans\u00e3o na Cidade do M\u00e9xico, onde vive com sua tia Isabel Rangel de Dorantes (Silvia Pinal), e sua prima Ivana Dorantes Rangel (Gabriela Spanic) que trata Valentina com muita indiferen\u00e7a e sente inveja dela.<\/p>\n<p>Tudo muda para Valentina quando seu noivo Alonso Penalva (David Zepeda), tramando com Ivana no dia de seu casamento, a deixa esperando no altar. A partir da\u00ed, Valentina se torna uma mulher amarga, e vai para sua fazenda, no interior. Chegando l\u00e1, ela conhece seu vizinho Jos\u00e9 Miguel Montesinos (Fernando Colunga).<\/p>\n","protected":false},"excerpt":{"rendered":"<p>Resumo da novela \u201cA Dona&#8221; em 07\/05: no cap\u00edtulo 027(*) da novela, ter\u00e7a-feira, 07 de maio, Benita se zanga ao ouvir Ivana falar mal de Valentina e a adverte que uma palavra mais e ela mesma lhe calar\u00e1 a boca. Isabel se surpreende e pergunta a Benita como ela pode descer ao n\u00edvel de Ivana [&hellip;]<\/p>\n","protected":false},"author":4,"featured_media":173626,"comment_status":"open","ping_status":"closed","sticky":false,"template":"","format":"standard","meta":{"_genesis_hide_title":false,"_genesis_hide_breadcrumbs":false,"_genesis_hide_singular_image":false,"_genesis_hide_footer_widgets":false,"_genesis_custom_body_class":"","_genesis_custom_post_class":"","_genesis_layout":"","_jetpack_memberships_contains_paid_content":false,"footnotes":""},"categories":[379,372,343],"tags":[441],"class_list":{"0":"post-175712","1":"post","2":"type-post","3":"status-publish","4":"format-standard","5":"has-post-thumbnail","7":"category-novelas","8":"category-sbt","9":"category-televisao","10":"tag-resumo-do-dia","11":"entry","12":"gs-1","13":"gs-odd","14":"gs-even","15":"gs-featured-content-entry"},"jetpack_featured_media_url":"https:\/\/www.redenoticia.com.br\/noticia\/imagens\/a-dona-03.jpg","jetpack_sharing_enabled":true,"jetpack_likes_enabled":true,"_links":{"self":[{"href":"https:\/\/www.redenoticia.com.br\/noticia\/wp-json\/wp\/v2\/posts\/175712","targetHints":{"allow":["GET"]}}],"collection":[{"href":"https:\/\/www.redenoticia.com.br\/noticia\/wp-json\/wp\/v2\/posts"}],"about":[{"href":"https:\/\/www.redenoticia.com.br\/noticia\/wp-json\/wp\/v2\/types\/post"}],"author":[{"embeddable":true,"href":"https:\/\/www.redenoticia.com.br\/noticia\/wp-json\/wp\/v2\/users\/4"}],"replies":[{"embeddable":true,"href":"https:\/\/www.redenoticia.com.br\/noticia\/wp-json\/wp\/v2\/comments?post=175712"}],"version-history":[{"count":0,"href":"https:\/\/www.redenoticia.com.br\/noticia\/wp-json\/wp\/v2\/posts\/175712\/revisions"}],"wp:featuredmedia":[{"embeddable":true,"href":"https:\/\/www.redenoticia.com.br\/noticia\/wp-json\/wp\/v2\/media\/173626"}],"wp:attachment":[{"href":"https:\/\/www.redenoticia.com.br\/noticia\/wp-json\/wp\/v2\/media?parent=175712"}],"wp:term":[{"taxonomy":"category","embeddable":true,"href":"https:\/\/www.redenoticia.com.br\/noticia\/wp-json\/wp\/v2\/categories?post=175712"},{"taxonomy":"post_tag","embeddable":true,"href":"https:\/\/www.redenoticia.com.br\/noticia\/wp-json\/wp\/v2\/tags?post=175712"}],"curies":[{"name":"wp","href":"https:\/\/api.w.org\/{rel}","templated":true}]}}