{"id":175499,"date":"2019-05-01T15:02:56","date_gmt":"2019-05-01T18:02:56","guid":{"rendered":"https:\/\/www.redenoticia.com.br\/noticia\/?p=175499"},"modified":"2019-05-09T19:01:05","modified_gmt":"2019-05-09T22:01:05","slug":"resumo-novela-a-dona-02-05-cristina-diz-a-rodrigo-que-e-o-assassino-de-lazaro","status":"publish","type":"post","link":"https:\/\/www.redenoticia.com.br\/noticia\/2019\/resumo-novela-a-dona-02-05-cristina-diz-a-rodrigo-que-e-o-assassino-de-lazaro\/175499","title":{"rendered":"Resumo novela \u201cA Dona\u201d 02\/05: Cristina diz a Rodrigo que  \u00e9 o assassino de L\u00e1zaro"},"content":{"rendered":"<p><img loading=\"lazy\" decoding=\"async\" class=\"aligncenter size-large wp-image-173633\" src=\"https:\/\/www.redenoticia.com.br\/noticia\/imagens\/a-dona-270x300.jpg\" alt=\"\" width=\"270\" height=\"300\" srcset=\"https:\/\/www.redenoticia.com.br\/noticia\/imagens\/a-dona-270x300.jpg 270w, https:\/\/www.redenoticia.com.br\/noticia\/imagens\/a-dona-168x187.jpg 168w, https:\/\/www.redenoticia.com.br\/noticia\/imagens\/a-dona.jpg 380w\" sizes=\"auto, (max-width: 270px) 100vw, 270px\" \/>Resumo da novela <strong><em>\u201cA Dona&#8221;<\/em><\/strong> em 02\/05: no cap\u00edtulo 024(*) da novela, quinta-feira, 02 de maio, Jos\u00e9 Miguel se oferece para ir ao centro de sa\u00fade para tratar do assunto da aut\u00f3psia de L\u00e1zaro. Felipe informa a Jos\u00e9 Miguel que n\u00e3o tem como garantir que a causa da morte de L\u00e1zaro foi um golpe de cavalo. Jos\u00e9 Miguel o questiona se cr\u00ea que Valentina tenha sido capaz de mat\u00e1-lo. Felipe diz que jamais creditaria uma morte \u00e0 Valentina. Jos\u00e9 Miguel diz que se Felipe n\u00e3o for pessoalmente falar com o delegado, Valentina pode acabar levando a culpa e ficando presa pelo homic\u00eddio de L\u00e1zaro. Cristina diz a Rodrigo que est\u00e1 certa de que ele \u00e9 o assassino de L\u00e1zaro, pois viu que em suas roupas h\u00e1 manchas de sangue. Rodrigo segura Cristina com viol\u00eancia e garante que o sangue em suas roupas era do cavalo de Valentina, que se feriu no dia anterior.<\/p>\n<p>Ele conclui dizendo que se ela seguir com essas id\u00e9ias, a deixar\u00e1 sozinha para sempre. Rodrigo, fingindo estar muito ofendido, diz a Cristina que mais uma palavra sobre esse assunto e ele vai buscar outro lugar para viver. Felipe diz ao delegado que n\u00e3o pode afirmar que a morte de L\u00e1zaro tenha sido causada por um coice de cavalo, mas que tem certeza que uma mulher n\u00e3o poderia ter cometido o crime, pois foi aplicada muita for\u00e7a no golpe que vitimou L\u00e1zaro. Jos\u00e9 Miguel diz que n\u00e3o havendo nenhuma prova contra Valentina, ela precisa ser solta imediatamente. Valentina \u00e9 libertada. Jos\u00e9 Miguel se oferece para levar Valentina a Os Carac\u00f3is. Ela resiste e Jos\u00e9 Miguel a segue de cavalo. Num determinado momento, Valentina, exausta, aceita a carona de Jos\u00e9.<\/p>\n<p>Rodrigo, vendo a dona chegar com Jos\u00e9 Miguel, a questiona e diz que acreditava que ela n\u00e3o gostava de Jos\u00e9 Miguel, mas v\u00ea que estava enganado. Rodrigo pergunta o porqu\u00ea de ela ter aceito essa ajuda de Jos\u00e9. Valentina responde que aceitou a ajuda porque teve vontade, e Rodrigo n\u00e3o deve fazer perguntas, apenas servi-la. Jos\u00e9 Miguel chega a festa oferecida por Sandra em sua homenagem e todos o sa\u00fadam com uma salva de palmas, que o deixam desconcertado. Ivana agarra Jos\u00e9 em meio a festa e o beija. Incomodado, Jos\u00e9 Miguel sai da festa e poucos passos depois d\u00e1 de cara com Rodrigo, que exige explica\u00e7\u00f5es quanto a sua rela\u00e7\u00e3o com Valentina.<\/p>\n<p>(*) edi\u00e7\u00e3o do SBT, Novela \u201cA Dona\u201d, sujeito a altera\u00e7\u00e3o de data e conte\u00fado.<\/p>\n<p>Destaques<\/p>\n<p>&#8220;A Dona&#8221; &#8211; Valentina Vila\u00e7a (Lucero) \u00e9 uma mulher que tem uma grande fortuna, que seus pais deixaram para ela quando morreram em um acidente de carro. Ela tem uma mans\u00e3o na Cidade do M\u00e9xico, onde vive com sua tia Isabel Rangel de Dorantes (Silvia Pinal), e sua prima Ivana Dorantes Rangel (Gabriela Spanic) que trata Valentina com muita indiferen\u00e7a e sente inveja dela.<\/p>\n<p>Tudo muda para Valentina quando seu noivo Alonso Penalva (David Zepeda), tramando com Ivana no dia de seu casamento, a deixa esperando no altar. A partir da\u00ed, Valentina se torna uma mulher amarga, e vai para sua fazenda, no interior. Chegando l\u00e1, ela conhece seu vizinho Jos\u00e9 Miguel Montesinos (Fernando Colunga).<\/p>\n","protected":false},"excerpt":{"rendered":"<p>Resumo da novela \u201cA Dona&#8221; em 02\/05: no cap\u00edtulo 024(*) da novela, quinta-feira, 02 de maio, Jos\u00e9 Miguel se oferece para ir ao centro de sa\u00fade para tratar do assunto da aut\u00f3psia de L\u00e1zaro. Felipe informa a Jos\u00e9 Miguel que n\u00e3o tem como garantir que a causa da morte de L\u00e1zaro foi um golpe de [&hellip;]<\/p>\n","protected":false},"author":4,"featured_media":173626,"comment_status":"open","ping_status":"closed","sticky":false,"template":"","format":"standard","meta":{"_genesis_hide_title":false,"_genesis_hide_breadcrumbs":false,"_genesis_hide_singular_image":false,"_genesis_hide_footer_widgets":false,"_genesis_custom_body_class":"","_genesis_custom_post_class":"","_genesis_layout":"","_jetpack_memberships_contains_paid_content":false,"footnotes":""},"categories":[379,372,343],"tags":[441],"class_list":{"0":"post-175499","1":"post","2":"type-post","3":"status-publish","4":"format-standard","5":"has-post-thumbnail","7":"category-novelas","8":"category-sbt","9":"category-televisao","10":"tag-resumo-do-dia","11":"entry","12":"gs-1","13":"gs-odd","14":"gs-even","15":"gs-featured-content-entry"},"jetpack_featured_media_url":"https:\/\/www.redenoticia.com.br\/noticia\/imagens\/a-dona-03.jpg","jetpack_sharing_enabled":true,"jetpack_likes_enabled":true,"_links":{"self":[{"href":"https:\/\/www.redenoticia.com.br\/noticia\/wp-json\/wp\/v2\/posts\/175499","targetHints":{"allow":["GET"]}}],"collection":[{"href":"https:\/\/www.redenoticia.com.br\/noticia\/wp-json\/wp\/v2\/posts"}],"about":[{"href":"https:\/\/www.redenoticia.com.br\/noticia\/wp-json\/wp\/v2\/types\/post"}],"author":[{"embeddable":true,"href":"https:\/\/www.redenoticia.com.br\/noticia\/wp-json\/wp\/v2\/users\/4"}],"replies":[{"embeddable":true,"href":"https:\/\/www.redenoticia.com.br\/noticia\/wp-json\/wp\/v2\/comments?post=175499"}],"version-history":[{"count":0,"href":"https:\/\/www.redenoticia.com.br\/noticia\/wp-json\/wp\/v2\/posts\/175499\/revisions"}],"wp:featuredmedia":[{"embeddable":true,"href":"https:\/\/www.redenoticia.com.br\/noticia\/wp-json\/wp\/v2\/media\/173626"}],"wp:attachment":[{"href":"https:\/\/www.redenoticia.com.br\/noticia\/wp-json\/wp\/v2\/media?parent=175499"}],"wp:term":[{"taxonomy":"category","embeddable":true,"href":"https:\/\/www.redenoticia.com.br\/noticia\/wp-json\/wp\/v2\/categories?post=175499"},{"taxonomy":"post_tag","embeddable":true,"href":"https:\/\/www.redenoticia.com.br\/noticia\/wp-json\/wp\/v2\/tags?post=175499"}],"curies":[{"name":"wp","href":"https:\/\/api.w.org\/{rel}","templated":true}]}}