{"id":175189,"date":"2019-04-25T16:36:37","date_gmt":"2019-04-25T19:36:37","guid":{"rendered":"https:\/\/www.redenoticia.com.br\/noticia\/?p=175189"},"modified":"2019-05-09T19:07:22","modified_gmt":"2019-05-09T22:07:22","slug":"resumo-novela-a-dona-26-04-jose-miguel-beija-valentina","status":"publish","type":"post","link":"https:\/\/www.redenoticia.com.br\/noticia\/2019\/resumo-novela-a-dona-26-04-jose-miguel-beija-valentina\/175189","title":{"rendered":"Resumo novela \u201cA Dona\u201d 26\/04: Jos\u00e9 Miguel beija Valentina"},"content":{"rendered":"<p><img loading=\"lazy\" decoding=\"async\" class=\"aligncenter size-large wp-image-173633\" src=\"https:\/\/www.redenoticia.com.br\/noticia\/imagens\/a-dona-270x300.jpg\" alt=\"\" width=\"270\" height=\"300\" srcset=\"https:\/\/www.redenoticia.com.br\/noticia\/imagens\/a-dona-270x300.jpg 270w, https:\/\/www.redenoticia.com.br\/noticia\/imagens\/a-dona-168x187.jpg 168w, https:\/\/www.redenoticia.com.br\/noticia\/imagens\/a-dona.jpg 380w\" sizes=\"auto, (max-width: 270px) 100vw, 270px\" \/>Resumo da novela <strong><em>\u201cA Dona&#8221;<\/em><\/strong> em 26\/04: no cap\u00edtulo 020(*) da novela, sexta-feira, 26 de abril, Jos\u00e9 Miguel trata de suavizar a atitude hostil de Valentina, levando a situa\u00e7\u00e3o como uma brincadeira. No entanto, Valentina segue levando muito a s\u00e9rio o que disse e repete para que Jos\u00e9 Miguel n\u00e3o volte a carreg\u00e1-la da forma que fez. Isabel diz a Valentina que assim que estiver fora de perigo poder\u00e1 ir embora tranquila da fazenda. Valentina pede a Isabel que fique. Isabel diz que n\u00e3o \u00e9 uma boa ideia. Valentina insiste e diz que n\u00e3o quer ter que pedir de joelhos. Isabel responde que n\u00e3o \u00e9 necess\u00e1rio, pois ela \u00e9 sua fam\u00edlia e a apoiar\u00e1 sempre.<\/p>\n<p>Valentina fica furiosa ao receber, pelo seu advogado, uma d\u00edvida de Alonso. Ela insiste com ele para que apresse o detetive a fim de localizar seu ex-noivo imediatamente. Valentina pede ao advogado que fa\u00e7a um levantamento do valor da fazenda \u201cMontesinos\u201d, pois a quer para si. Benita diz a Valentina que Jos\u00e9 Miguel \u00e9 um homem de car\u00e1ter e com um excelente senso de humor. Ivana se desculpa com Valentina pelo aborrecimento que tiveram e agradece por permiti-la ficar na fazenda. Valentina pede a Ivana que agrade\u00e7a a Isabel, e n\u00e3o a ela, e ainda a adverte que se quiser ter amantes que tenha bem longe de sua fazenda.<\/p>\n<p>Jesus oferece um buque de flores a Valentina. Ela se comove, mas num descuido do garoto acaba sabendo que quem as enviou foi Jos\u00e9 Miguel. Valentina leva o buque de flores para devolv\u00ea-lo a Jos\u00e9 Miguel. Chegando a fazenda \u201cMontesinos\u201d ela lhe devolve o presente e diz que n\u00e3o aceita agrados de homem algum. Jos\u00e9 Miguel responde que n\u00e3o entende como uma mulher t\u00e3o bonita pode ser t\u00e3o amargurada e a beija. Valentina o esbofeteia. Em seguida, na fazenda \u201cOs Carac\u00f3is\u201d, Valentina chora ao se dar conta que Jos\u00e9 Miguel mexeu com seus sentimentos.<\/p>\n<p>(*) edi\u00e7\u00e3o do SBT, Novela \u201cA Dona\u201d, sujeito a altera\u00e7\u00e3o de data e conte\u00fado.<\/p>\n<p>Destaques<\/p>\n<p>&#8220;A Dona&#8221; &#8211; Valentina Vila\u00e7a (Lucero) \u00e9 uma mulher que tem uma grande fortuna, que seus pais deixaram para ela quando morreram em um acidente de carro. Ela tem uma mans\u00e3o na Cidade do M\u00e9xico, onde vive com sua tia Isabel Rangel de Dorantes (Silvia Pinal), e sua prima Ivana Dorantes Rangel (Gabriela Spanic) que trata Valentina com muita indiferen\u00e7a e sente inveja dela.<\/p>\n<p>Tudo muda para Valentina quando seu noivo Alonso Penalva (David Zepeda), tramando com Ivana no dia de seu casamento, a deixa esperando no altar. A partir da\u00ed, Valentina se torna uma mulher amarga, e vai para sua fazenda, no interior. Chegando l\u00e1, ela conhece seu vizinho Jos\u00e9 Miguel Montesinos (Fernando Colunga).<\/p>\n","protected":false},"excerpt":{"rendered":"<p>Resumo da novela \u201cA Dona&#8221; em 26\/04: no cap\u00edtulo 020(*) da novela, sexta-feira, 26 de abril, Jos\u00e9 Miguel trata de suavizar a atitude hostil de Valentina, levando a situa\u00e7\u00e3o como uma brincadeira. No entanto, Valentina segue levando muito a s\u00e9rio o que disse e repete para que Jos\u00e9 Miguel n\u00e3o volte a carreg\u00e1-la da forma [&hellip;]<\/p>\n","protected":false},"author":4,"featured_media":173626,"comment_status":"open","ping_status":"closed","sticky":false,"template":"","format":"standard","meta":{"_genesis_hide_title":false,"_genesis_hide_breadcrumbs":false,"_genesis_hide_singular_image":false,"_genesis_hide_footer_widgets":false,"_genesis_custom_body_class":"","_genesis_custom_post_class":"","_genesis_layout":"","_jetpack_memberships_contains_paid_content":false,"footnotes":""},"categories":[379,372,343],"tags":[441],"class_list":{"0":"post-175189","1":"post","2":"type-post","3":"status-publish","4":"format-standard","5":"has-post-thumbnail","7":"category-novelas","8":"category-sbt","9":"category-televisao","10":"tag-resumo-do-dia","11":"entry","12":"gs-1","13":"gs-odd","14":"gs-even","15":"gs-featured-content-entry"},"jetpack_featured_media_url":"https:\/\/www.redenoticia.com.br\/noticia\/imagens\/a-dona-03.jpg","jetpack_sharing_enabled":true,"jetpack_likes_enabled":true,"_links":{"self":[{"href":"https:\/\/www.redenoticia.com.br\/noticia\/wp-json\/wp\/v2\/posts\/175189","targetHints":{"allow":["GET"]}}],"collection":[{"href":"https:\/\/www.redenoticia.com.br\/noticia\/wp-json\/wp\/v2\/posts"}],"about":[{"href":"https:\/\/www.redenoticia.com.br\/noticia\/wp-json\/wp\/v2\/types\/post"}],"author":[{"embeddable":true,"href":"https:\/\/www.redenoticia.com.br\/noticia\/wp-json\/wp\/v2\/users\/4"}],"replies":[{"embeddable":true,"href":"https:\/\/www.redenoticia.com.br\/noticia\/wp-json\/wp\/v2\/comments?post=175189"}],"version-history":[{"count":0,"href":"https:\/\/www.redenoticia.com.br\/noticia\/wp-json\/wp\/v2\/posts\/175189\/revisions"}],"wp:featuredmedia":[{"embeddable":true,"href":"https:\/\/www.redenoticia.com.br\/noticia\/wp-json\/wp\/v2\/media\/173626"}],"wp:attachment":[{"href":"https:\/\/www.redenoticia.com.br\/noticia\/wp-json\/wp\/v2\/media?parent=175189"}],"wp:term":[{"taxonomy":"category","embeddable":true,"href":"https:\/\/www.redenoticia.com.br\/noticia\/wp-json\/wp\/v2\/categories?post=175189"},{"taxonomy":"post_tag","embeddable":true,"href":"https:\/\/www.redenoticia.com.br\/noticia\/wp-json\/wp\/v2\/tags?post=175189"}],"curies":[{"name":"wp","href":"https:\/\/api.w.org\/{rel}","templated":true}]}}