{"id":174791,"date":"2019-04-17T18:44:03","date_gmt":"2019-04-17T21:44:03","guid":{"rendered":"https:\/\/www.redenoticia.com.br\/noticia\/?p=174791"},"modified":"2019-04-17T18:44:11","modified_gmt":"2019-04-17T21:44:11","slug":"resumo-novela-a-dona-18-04-valentina-se-muda-para-a-fazenda-os-caracois","status":"publish","type":"post","link":"https:\/\/www.redenoticia.com.br\/noticia\/2019\/resumo-novela-a-dona-18-04-valentina-se-muda-para-a-fazenda-os-caracois\/174791","title":{"rendered":"Resumo novela \u201cA Dona\u201d 18\/04: Valentina se muda para a fazenda \u201cOs Carac\u00f3is\u201d"},"content":{"rendered":"<p><img loading=\"lazy\" decoding=\"async\" class=\"aligncenter size-large wp-image-173633\" src=\"https:\/\/www.redenoticia.com.br\/noticia\/imagens\/a-dona-270x300.jpg\" alt=\"\" width=\"270\" height=\"300\" srcset=\"https:\/\/www.redenoticia.com.br\/noticia\/imagens\/a-dona-270x300.jpg 270w, https:\/\/www.redenoticia.com.br\/noticia\/imagens\/a-dona-168x187.jpg 168w, https:\/\/www.redenoticia.com.br\/noticia\/imagens\/a-dona.jpg 380w\" sizes=\"auto, (max-width: 270px) 100vw, 270px\" \/>Resumo da novela <strong><em>\u201cA Dona&#8221;<\/em><\/strong> em 18\/04: no cap\u00edtulo 014(*) da novela, quinta-feira, 18 de abril, Ivana tenta falar com Valentina, mas ela n\u00e3o responde nada. Dona Isabel diz a Ivana que certamente Valentina est\u00e1 em um mar de l\u00e1grimas. Ivana, sarc\u00e1stica, diz que n\u00e3o viu Valentina derramar uma l\u00e1grima sequer, e que ela parece ser outra pessoa. Valentina sai de manh\u00e3 com o carro sem que a notem, chega a um precip\u00edcio e, com o vestido de noiva no porta malas, atira o carro barranco abaixo. Valentina diz a Isabel, Ernesto e Benita que ir\u00e1 de uma vez viver pelo resto de seus dias na fazenda \u201cOs Carac\u00f3is\u201d e ordena a Ernesto que arrume as coisas na fazenda e lhe d\u00ea as chaves do local. Valentina exige que daquele momento em diante todos a tratem por Dona Valentina Vila\u00e7a.<\/p>\n<p>Felipe surpreende Ivana batendo na porta do apartamento de Alonso e lhe diz que agora tem certeza de que eram amantes. Valentina diz a Gabriela que ela deve estar contente, pois sempre esteve certa quanto ao que pensava de Alonso e que todos o conheciam melhor que ela. Valentina se despede de Gabriela e diz que jamais voltar\u00e3o a se ver, pois ela ir\u00e1 embora da capital e n\u00e3o dir\u00e1 seu paradeiro a ningu\u00e9m. Padre Justino procura Valentina e, ap\u00f3s conversarem, diz que dar\u00e1 a ela sua ben\u00e7\u00e3o.<\/p>\n<p>Valentina se afasta e diz que n\u00e3o cr\u00ea mais que exista um Deus, pois como ele pode permitir tanto engano? Valentina ordena a Ernesto que contrate o melhor detetive do pa\u00eds para que encontrem Alonso. Valentina chega \u00e0 fazenda \u201cOs Carac\u00f3is\u201d e surpreende Rodrigo tentando abusar de Maria da Luz. Furiosa, ela exige que Rodrigo deixe a garota em paz. Rodrigo ironiza e pergunta a Valentina se ela sabe com quem est\u00e1 falando. Ela responde que n\u00e3o faz a menor id\u00e9ia, mas \u00e9 ele quem n\u00e3o sabe com quem est\u00e1 falando. Em seguida, ela se apresenta como Valentina Vila\u00e7a, a Dona.<\/p>\n<p>(*) edi\u00e7\u00e3o do SBT, Novela \u201cA Dona\u201d, sujeito a altera\u00e7\u00e3o de data e conte\u00fado.<\/p>\n<p>Destaques<\/p>\n<p>&#8220;A Dona&#8221; &#8211; Valentina Vila\u00e7a (Lucero) \u00e9 uma mulher que tem uma grande fortuna, que seus pais deixaram para ela quando morreram em um acidente de carro. Ela tem uma mans\u00e3o na Cidade do M\u00e9xico, onde vive com sua tia Isabel Rangel de Dorantes (Silvia Pinal), e sua prima Ivana Dorantes Rangel (Gabriela Spanic) que trata Valentina com muita indiferen\u00e7a e sente inveja dela.<\/p>\n<p>Tudo muda para Valentina quando seu noivo Alonso Penalva (David Zepeda), tramando com Ivana no dia de seu casamento, a deixa esperando no altar. A partir da\u00ed, Valentina se torna uma mulher amarga, e vai para sua fazenda, no interior. Chegando l\u00e1, ela conhece seu vizinho Jos\u00e9 Miguel Montesinos (Fernando Colunga).<\/p>\n","protected":false},"excerpt":{"rendered":"<p>Resumo da novela \u201cA Dona&#8221; em 18\/04: no cap\u00edtulo 014(*) da novela, quinta-feira, 18 de abril, Ivana tenta falar com Valentina, mas ela n\u00e3o responde nada. Dona Isabel diz a Ivana que certamente Valentina est\u00e1 em um mar de l\u00e1grimas. Ivana, sarc\u00e1stica, diz que n\u00e3o viu Valentina derramar uma l\u00e1grima sequer, e que ela parece [&hellip;]<\/p>\n","protected":false},"author":4,"featured_media":173626,"comment_status":"open","ping_status":"closed","sticky":false,"template":"","format":"standard","meta":{"_genesis_hide_title":false,"_genesis_hide_breadcrumbs":false,"_genesis_hide_singular_image":false,"_genesis_hide_footer_widgets":false,"_genesis_custom_body_class":"","_genesis_custom_post_class":"","_genesis_layout":"","_jetpack_memberships_contains_paid_content":false,"footnotes":""},"categories":[379,372,343],"tags":[441],"class_list":{"0":"post-174791","1":"post","2":"type-post","3":"status-publish","4":"format-standard","5":"has-post-thumbnail","7":"category-novelas","8":"category-sbt","9":"category-televisao","10":"tag-resumo-do-dia","11":"entry","12":"gs-1","13":"gs-odd","14":"gs-even","15":"gs-featured-content-entry"},"jetpack_featured_media_url":"https:\/\/www.redenoticia.com.br\/noticia\/imagens\/a-dona-03.jpg","jetpack_sharing_enabled":true,"jetpack_likes_enabled":true,"_links":{"self":[{"href":"https:\/\/www.redenoticia.com.br\/noticia\/wp-json\/wp\/v2\/posts\/174791","targetHints":{"allow":["GET"]}}],"collection":[{"href":"https:\/\/www.redenoticia.com.br\/noticia\/wp-json\/wp\/v2\/posts"}],"about":[{"href":"https:\/\/www.redenoticia.com.br\/noticia\/wp-json\/wp\/v2\/types\/post"}],"author":[{"embeddable":true,"href":"https:\/\/www.redenoticia.com.br\/noticia\/wp-json\/wp\/v2\/users\/4"}],"replies":[{"embeddable":true,"href":"https:\/\/www.redenoticia.com.br\/noticia\/wp-json\/wp\/v2\/comments?post=174791"}],"version-history":[{"count":0,"href":"https:\/\/www.redenoticia.com.br\/noticia\/wp-json\/wp\/v2\/posts\/174791\/revisions"}],"wp:featuredmedia":[{"embeddable":true,"href":"https:\/\/www.redenoticia.com.br\/noticia\/wp-json\/wp\/v2\/media\/173626"}],"wp:attachment":[{"href":"https:\/\/www.redenoticia.com.br\/noticia\/wp-json\/wp\/v2\/media?parent=174791"}],"wp:term":[{"taxonomy":"category","embeddable":true,"href":"https:\/\/www.redenoticia.com.br\/noticia\/wp-json\/wp\/v2\/categories?post=174791"},{"taxonomy":"post_tag","embeddable":true,"href":"https:\/\/www.redenoticia.com.br\/noticia\/wp-json\/wp\/v2\/tags?post=174791"}],"curies":[{"name":"wp","href":"https:\/\/api.w.org\/{rel}","templated":true}]}}