{"id":174438,"date":"2019-04-11T16:44:35","date_gmt":"2019-04-11T19:44:35","guid":{"rendered":"https:\/\/www.redenoticia.com.br\/noticia\/?p=174438"},"modified":"2019-05-09T19:04:17","modified_gmt":"2019-05-09T22:04:17","slug":"resumo-novela-a-que-nao-podia-amar-12-04-ana-paula-sofre-uma-queda-do-cavalo","status":"publish","type":"post","link":"https:\/\/www.redenoticia.com.br\/noticia\/2019\/resumo-novela-a-que-nao-podia-amar-12-04-ana-paula-sofre-uma-queda-do-cavalo\/174438","title":{"rendered":"Resumo novela \u201cA Que N\u00e3o Podia Amar\u201d 12\/04: Ana Paula sofre uma queda do cavalo"},"content":{"rendered":"<p><strong><em><img loading=\"lazy\" decoding=\"async\" class=\"aligncenter size-large wp-image-173635\" src=\"https:\/\/www.redenoticia.com.br\/noticia\/imagens\/a-que-nao-podia-amar-400x271.jpg\" alt=\"\" width=\"400\" height=\"271\" srcset=\"https:\/\/www.redenoticia.com.br\/noticia\/imagens\/a-que-nao-podia-amar-400x271.jpg 400w, https:\/\/www.redenoticia.com.br\/noticia\/imagens\/a-que-nao-podia-amar-250x169.jpg 250w, https:\/\/www.redenoticia.com.br\/noticia\/imagens\/a-que-nao-podia-amar-560x379.jpg 560w, https:\/\/www.redenoticia.com.br\/noticia\/imagens\/a-que-nao-podia-amar.jpg 620w\" sizes=\"auto, (max-width: 400px) 100vw, 400px\" \/><\/em><\/strong><\/p>\n<p>Resumo da novela<strong><em> \u201cA Que N\u00e3o Podia Amar\u201d&nbsp;<\/em><\/strong> em 12\/04 : no cap\u00edtulo 005(*) da novela, sexta-feira, 12 de abril, Ana Paula tenta ajudar Rog\u00e9rio, mas ele a despreza. Ana Paula diz que ele \u00e9 injusto em maltrat\u00e1-la s\u00f3 por que \u00e9 parecida com a mulher que ele tanto odeia. Vanessa diz a C\u00edntia que tentou conversar com Rog\u00e9rio, mas ele a tratou muito mal. C\u00edntia comenta que, depois que ela o abandonou, todos na fazenda est\u00e3o sofrendo com seu car\u00e1ter. Vanessa diz que se casou para esquecer seu irm\u00e3o, mas n\u00e3o deu certo e pretende se divorciar. Rog\u00e9rio pro\u00edbe C\u00edntia de dar aulas para Marquinho. O menino, assustado, diz a Rog\u00e9rio que n\u00e3o vir\u00e1 mais para as aulas.<\/p>\n<p>Ana Paula critica o patr\u00e3o e diz que ele deveria se envergonhar de amedrontar uma crian\u00e7a. Bruno convida Ana Paula para montar. Rog\u00e9rio est\u00e1 treinando com seu rifle, a arma dispara, assusta o cavalo e Ana Paula sofre uma queda. Rog\u00e9rio fica furioso e agride Bruno com um chicote por ter levado Ana Paula para montar. C\u00edntia volta a discutir com o irm\u00e3o por n\u00e3o permitir que estude arquitetura. Ana Paula diz a Rog\u00e9rio que, apesar de estar de muletas, pode ajud\u00e1-lo a organizar as pastas. Dany ajuda Frederico a chegar ao hospital, pois est\u00e1 a ponto de sofrer um infarto.<\/p>\n<p>Em agradecimento, ele lhe oferece um emprego. Gustavo procura Ana Paula e diz a Rosaura que vai viajar a trabalho para a regi\u00e3o onde conheceu Ana Paula. Rosaura diz que n\u00e3o sabe onde est\u00e1 sua sobrinha. Rog\u00e9rio diz a Marquinho que precisa aprender a ler. O menino fica feliz e conta para Ana Paula que o patr\u00e3o lhe deu permiss\u00e3o para aprender a ler. Ana Paula agradece Rog\u00e9rio pelo seu gesto. Rog\u00e9rio diz a Ana Paula que obede\u00e7a as instru\u00e7\u00f5es do Doutor para que melhore e que possa tentar ajud\u00e1-lo a ser uma melhor pessoa.<\/p>\n<p>(*) edi\u00e7\u00e3o do SBT, Novela \u201cA Que N\u00e3o Podia Amar\u201d, sujeito a altera\u00e7\u00e3o de data e conte\u00fado.<\/p>\n<p>Destaques<\/p>\n<p>&#8220;A Que N\u00e3o Podia Amar&#8221;- Ana Paula, uma enfermeira humilde que se v\u00ea obrigada a trabalhar na casa de Rog\u00e9rio Montero (Jorge Salinas), um homem amargurado. Rog\u00e9rio sofre por ser parapl\u00e9gico e destrata todas as pessoas. Ana Paula atura tudo calada e o rica\u00e7o se apaixona por ela.<\/p>\n<p>Ana conhece Gustavo Duran (Jos\u00e9 Ron), um engenheiro nobre e trabalhador. Os dois se apaixonam, mas ter\u00e3o de enfrentar Rog\u00e9rio, j\u00e1 que ele tamb\u00e9m gosta da mocinha, formando assim, um tri\u00e2ngulo amoroso com terr\u00edveis consequ\u00eancias.<\/p>\n","protected":false},"excerpt":{"rendered":"<p>Resumo da novela \u201cA Que N\u00e3o Podia Amar\u201d&nbsp; em 12\/04 : no cap\u00edtulo 005(*) da novela, sexta-feira, 12 de abril, Ana Paula tenta ajudar Rog\u00e9rio, mas ele a despreza. Ana Paula diz que ele \u00e9 injusto em maltrat\u00e1-la s\u00f3 por que \u00e9 parecida com a mulher que ele tanto odeia. Vanessa diz a C\u00edntia que [&hellip;]<\/p>\n","protected":false},"author":4,"featured_media":173627,"comment_status":"open","ping_status":"closed","sticky":false,"template":"","format":"standard","meta":{"_genesis_hide_title":false,"_genesis_hide_breadcrumbs":false,"_genesis_hide_singular_image":false,"_genesis_hide_footer_widgets":false,"_genesis_custom_body_class":"","_genesis_custom_post_class":"","_genesis_layout":"","_jetpack_memberships_contains_paid_content":false,"footnotes":""},"categories":[379,372,343],"tags":[441],"class_list":{"0":"post-174438","1":"post","2":"type-post","3":"status-publish","4":"format-standard","5":"has-post-thumbnail","7":"category-novelas","8":"category-sbt","9":"category-televisao","10":"tag-resumo-do-dia","11":"entry","12":"gs-1","13":"gs-odd","14":"gs-even","15":"gs-featured-content-entry"},"jetpack_featured_media_url":"https:\/\/www.redenoticia.com.br\/noticia\/imagens\/a-que-nao-podia-amar-sbt-01.jpg","jetpack_sharing_enabled":true,"jetpack_likes_enabled":true,"_links":{"self":[{"href":"https:\/\/www.redenoticia.com.br\/noticia\/wp-json\/wp\/v2\/posts\/174438","targetHints":{"allow":["GET"]}}],"collection":[{"href":"https:\/\/www.redenoticia.com.br\/noticia\/wp-json\/wp\/v2\/posts"}],"about":[{"href":"https:\/\/www.redenoticia.com.br\/noticia\/wp-json\/wp\/v2\/types\/post"}],"author":[{"embeddable":true,"href":"https:\/\/www.redenoticia.com.br\/noticia\/wp-json\/wp\/v2\/users\/4"}],"replies":[{"embeddable":true,"href":"https:\/\/www.redenoticia.com.br\/noticia\/wp-json\/wp\/v2\/comments?post=174438"}],"version-history":[{"count":0,"href":"https:\/\/www.redenoticia.com.br\/noticia\/wp-json\/wp\/v2\/posts\/174438\/revisions"}],"wp:featuredmedia":[{"embeddable":true,"href":"https:\/\/www.redenoticia.com.br\/noticia\/wp-json\/wp\/v2\/media\/173627"}],"wp:attachment":[{"href":"https:\/\/www.redenoticia.com.br\/noticia\/wp-json\/wp\/v2\/media?parent=174438"}],"wp:term":[{"taxonomy":"category","embeddable":true,"href":"https:\/\/www.redenoticia.com.br\/noticia\/wp-json\/wp\/v2\/categories?post=174438"},{"taxonomy":"post_tag","embeddable":true,"href":"https:\/\/www.redenoticia.com.br\/noticia\/wp-json\/wp\/v2\/tags?post=174438"}],"curies":[{"name":"wp","href":"https:\/\/api.w.org\/{rel}","templated":true}]}}