{"id":1741,"date":"2009-05-18T13:44:19","date_gmt":"2009-05-18T17:44:19","guid":{"rendered":"http:\/\/www.redenoticia.com.br\/noticia\/?p=1741"},"modified":"2009-05-18T13:44:19","modified_gmt":"2009-05-18T17:44:19","slug":"semana-de-combate-a-exploracao-sexual-de-criancas-e-adolecentes-tem-acoes-em-todo-o-pais","status":"publish","type":"post","link":"https:\/\/www.redenoticia.com.br\/noticia\/2009\/semana-de-combate-a-exploracao-sexual-de-criancas-e-adolecentes-tem-acoes-em-todo-o-pais\/1741","title":{"rendered":"Semana de combate \u00e0 explora\u00e7\u00e3o sexual de crian\u00e7as e adolecentes tem a\u00e7\u00f5es em todo o pa\u00eds"},"content":{"rendered":"<p class=\"MsoNormal\"><span style=\"font-family: Arial;\"><a href=\"https:\/\/www.redenoticia.com.br\/noticia\/imagens\/\/campanha.jpg\"><img loading=\"lazy\" decoding=\"async\" class=\"alignleft size-medium wp-image-1740\" title=\"campanha\" src=\"https:\/\/www.redenoticia.com.br\/noticia\/imagens\/\/campanha-249x187.jpg\" alt=\"campanha\" width=\"249\" height=\"187\" \/><\/a>A Comiss\u00e3o Intersetorial de Enfrentamento \u00e0 Viol\u00eancia Sexual contra Crian\u00e7as e Adolescentes promover\u00e1 atividades em todo o pa\u00eds para alertar a sociedade contra abusos e viol\u00eancia sexual praticados contra crian\u00e7as e adolescentes. As a\u00e7\u00f5es far\u00e3o parte do Dia Nacional de Combate ao Abuso e \u00e0 Explora\u00e7\u00e3o Sexual de Crian\u00e7as e Adolescentes, que tem como objetivo sensibilizar e mobilizar popula\u00e7\u00e3o, governos e m\u00eddia para esse problema.<\/span><\/p>\n<p class=\"MsoNormal\" style=\"line-height: 12.75pt;\"><span style=\"font-family: Arial;\">Como parte das atividades, as entidades governamentais e n\u00e3o governamentais que integram a comiss\u00e3o iniciam campanha de esclarecimento que ter\u00e1 como <em>slogan<\/em> \u201cNegociar Sexo com Crian\u00e7as e Adolescentes \u00e9 Crime. Denuncie\u201d. O coordenador de campanhas da Childhood Brasil (Instituto WCF Brasil), Itamar Gon\u00e7alves, afirmou, em entrevista \u00e0 <span>R\u00e1dio Nacional, <\/span>que a campanha deste ano se concentrar\u00e1 nos abusos praticados contra menores nas rodovias brasileiras.<\/span><\/p>\n<p class=\"MsoNormal\" style=\"line-height: 12.75pt;\"><span style=\"font-family: Arial;\">\u201cEste ano, com muita intensidade, n\u00f3s queremos destacar que h\u00e1 essa situa\u00e7\u00e3o de explora\u00e7\u00e3o de adolescentes e de crian\u00e7as nas estradas brasileiras, em espa\u00e7os privados. N\u00f3s queremos dar visibilidade para essa situa\u00e7\u00e3o de viol\u00eancia e dizer que isso \u00e9 crime, que est\u00e1 previsto no C\u00f3digo Penal e no Estatuto da Crian\u00e7a e do Adolescente\u201d, disse o coordenador da WCF Brasil, entidade que integra a comiss\u00e3o intersetorial.<\/p>\n<p>Em todo o pa\u00eds est\u00e3o previstas atividades como distribui\u00e7\u00e3o de panfletos em hot\u00e9is, t\u00e1xis e locais tur\u00edsticos. Em Recife, Fortaleza, Salvador, Bel\u00e9m, Belo Horizonte e Porto Alegre ser\u00e1 exibido o filme <em>Cinderelas, Lobos e Pr\u00edncipes<\/em>, que mostra a realidade de milhares de crian\u00e7as e adolescentes submetidos \u00e0 explora\u00e7\u00e3o sexual.<\/span><\/p>\n<p class=\"MsoNormal\" style=\"line-height: 12.75pt;\"><span style=\"font-family: Arial;\">Levantamento realizado pela Funda\u00e7\u00e3o Oswaldo Cruz (Fiocruz) em parceria com o Minist\u00e9rio do Desenvolvimento Social e Combate \u00e0 Fome mostra que as regi\u00f5es Sul e Sudeste contam com uma estrutura melhor de atendimentos \u00e0s crian\u00e7as v\u00edtimas da pedofilia. Dos 2,4 mil abrigos existentes no pa\u00eds para acolher essas crian\u00e7as, 1.360 est\u00e3o no Sul e Sudeste. <\/span><\/p>\n<p class=\"MsoNormal\" style=\"margin-bottom: 12pt;\"><span style=\"font-family: Arial;\">Marcos Chagas e Beatriz Arcoverde<br \/>\n<em>Rep\u00f3rteres da EBC<\/em> <\/span><\/p>\n","protected":false},"excerpt":{"rendered":"<p>A Comiss\u00e3o Intersetorial de Enfrentamento \u00e0 Viol\u00eancia Sexual contra Crian\u00e7as e Adolescentes promover\u00e1 atividades em todo o pa\u00eds para alertar a sociedade contra abusos e viol\u00eancia sexual praticados contra crian\u00e7as e adolescentes. As a\u00e7\u00f5es far\u00e3o parte do Dia Nacional de Combate ao Abuso e \u00e0 Explora\u00e7\u00e3o Sexual de Crian\u00e7as e Adolescentes, que tem como objetivo [&hellip;]<\/p>\n","protected":false},"author":3,"featured_media":0,"comment_status":"open","ping_status":"open","sticky":false,"template":"","format":"standard","meta":{"_genesis_hide_title":false,"_genesis_hide_breadcrumbs":false,"_genesis_hide_singular_image":false,"_genesis_hide_footer_widgets":false,"_genesis_custom_body_class":"","_genesis_custom_post_class":"","_genesis_layout":"","_jetpack_memberships_contains_paid_content":false,"footnotes":""},"categories":[22],"tags":[],"class_list":{"0":"post-1741","1":"post","2":"type-post","3":"status-publish","4":"format-standard","6":"category-brasil","7":"entry","8":"gs-1","9":"gs-odd","10":"gs-even","11":"gs-featured-content-entry"},"jetpack_featured_media_url":"","jetpack_sharing_enabled":true,"jetpack_likes_enabled":true,"_links":{"self":[{"href":"https:\/\/www.redenoticia.com.br\/noticia\/wp-json\/wp\/v2\/posts\/1741","targetHints":{"allow":["GET"]}}],"collection":[{"href":"https:\/\/www.redenoticia.com.br\/noticia\/wp-json\/wp\/v2\/posts"}],"about":[{"href":"https:\/\/www.redenoticia.com.br\/noticia\/wp-json\/wp\/v2\/types\/post"}],"author":[{"embeddable":true,"href":"https:\/\/www.redenoticia.com.br\/noticia\/wp-json\/wp\/v2\/users\/3"}],"replies":[{"embeddable":true,"href":"https:\/\/www.redenoticia.com.br\/noticia\/wp-json\/wp\/v2\/comments?post=1741"}],"version-history":[{"count":0,"href":"https:\/\/www.redenoticia.com.br\/noticia\/wp-json\/wp\/v2\/posts\/1741\/revisions"}],"wp:attachment":[{"href":"https:\/\/www.redenoticia.com.br\/noticia\/wp-json\/wp\/v2\/media?parent=1741"}],"wp:term":[{"taxonomy":"category","embeddable":true,"href":"https:\/\/www.redenoticia.com.br\/noticia\/wp-json\/wp\/v2\/categories?post=1741"},{"taxonomy":"post_tag","embeddable":true,"href":"https:\/\/www.redenoticia.com.br\/noticia\/wp-json\/wp\/v2\/tags?post=1741"}],"curies":[{"name":"wp","href":"https:\/\/api.w.org\/{rel}","templated":true}]}}