{"id":173639,"date":"2019-04-01T14:57:40","date_gmt":"2019-04-01T17:57:40","guid":{"rendered":"https:\/\/www.redenoticia.com.br\/noticia\/?p=173639"},"modified":"2019-04-01T14:57:43","modified_gmt":"2019-04-01T17:57:43","slug":"resumo-novela-orfaos-da-terra-02-04-rania-preve-o-futuro-de-zuleika","status":"publish","type":"post","link":"https:\/\/www.redenoticia.com.br\/noticia\/2019\/resumo-novela-orfaos-da-terra-02-04-rania-preve-o-futuro-de-zuleika\/173639","title":{"rendered":"Resumo novela \u201c\u00d3rf\u00e3os da Terra\u201d 02\/04: Rania prev\u00ea o futuro de Zuleika"},"content":{"rendered":"<p><img loading=\"lazy\" decoding=\"async\" class=\"aligncenter size-large wp-image-173643\" src=\"https:\/\/www.redenoticia.com.br\/noticia\/imagens\/orfaos-da-terra-01-376x300.jpg\" alt=\"\" width=\"376\" height=\"300\" srcset=\"https:\/\/www.redenoticia.com.br\/noticia\/imagens\/orfaos-da-terra-01-376x300.jpg 376w, https:\/\/www.redenoticia.com.br\/noticia\/imagens\/orfaos-da-terra-01-234x187.jpg 234w, https:\/\/www.redenoticia.com.br\/noticia\/imagens\/orfaos-da-terra-01-560x447.jpg 560w, https:\/\/www.redenoticia.com.br\/noticia\/imagens\/orfaos-da-terra-01.jpg 600w\" sizes=\"auto, (max-width: 376px) 100vw, 376px\" \/><\/p>\n<p>Resumo da novela <strong><em>\u201c\u00d3rf\u00e3os da Terra&#8221;<\/em><\/strong> em 02\/04: no cap\u00edtulo 001(*) da novela, ter\u00e7a-feira, 02 de abril, Elias chega com Rodrigo \u00e0 festa de Kh\u00e1led. Missade recebe um cart\u00e3o de sua prima Rania, que mora no Brasil. Em S\u00e3o Paulo, Cibele participa de uma manifesta\u00e7\u00e3o feminista. Rania prev\u00ea o futuro de Zuleika na borra do caf\u00e9. Na S\u00edria, a casa de Elias \u00e9 invadida por rebeldes, e Laila percebe que um dos homens est\u00e1 ferido. Come\u00e7a a guerra na S\u00edria, e a casa de Elias e sua fam\u00edlia \u00e9 destru\u00edda. Laila e Elias procuram por Missade e Kh\u00e1led. Elias e Laila encontram os corpos de Rodrigo e seus demais parentes. No L\u00edbano, Hussein comenta com Jamil que Aziz o considera como um filho. Soraia repreende Dalila por mentir a Aziz sobre um de seus homens de confian\u00e7a.<\/p>\n<p>Aziz comete um crime e pede que Jamil assuma a culpa em seu lugar. Elias, Laila e Missade planejam fugir para o Brasil. Aziz arma o casamento de Jamil e Dalila. Aziz se encanta por Laila e oferece dinheiro a Elias para ficar com a mo\u00e7a. Jamil e Laila se encantam um pela outro no campo de refugiados em Beirute.<\/p>\n<p>(*) edi\u00e7\u00e3o Globo, Novela \u201c\u00d3rf\u00e3os da Terra\u201d, sujeito a altera\u00e7\u00e3o de data e conte\u00fado.<\/p>\n<p>Destaques<\/p>\n<p>Novela \u201c\u00d3rf\u00e3os da Terra\u201d &#8211; A hist\u00f3ria se inicia na S\u00edria, onde Missade (Ana Cec\u00edlia Costa) e Elias (Marco Ricca) vivem com seus filhos Laila (Julia Dalavia) e Khaled (Rodrigo Vidal) at\u00e9 serem v\u00edtimas da guerra e terem que se refugiar no L\u00edbano. Com o irm\u00e3o gravemente ferido e a fam\u00edlia presa num campo de concentra\u00e7\u00e3o, Laila aceita se casar com o sheik Aziz (Herson Capri) \u2013 um homem cruel e muito mais velho \u2013 em troca de dinheiro para pagar o tratamento m\u00e9dico.<\/p>\n<p>Por\u00e9m, o menino falece e a mo\u00e7a decide fugir para o Brasil com seus pais na noite de n\u00fapcias, antes do casamento ser consumado, indo morar com seus tios, R\u00e2nia (Eliane Giardini) e Miguel (Paulo Betti). Irritado, o sheik manda Jammil (Renato G\u00f3es), seu bra\u00e7o-direito e noivo de sua filha, Dalila (Alice Wegmann), buscar a mo\u00e7a e traz\u00ea-la a for\u00e7a, por\u00e9m os dois acabam se apaixonando e se tornam fugitivos da fam\u00edlia Abdallah.<\/p>\n","protected":false},"excerpt":{"rendered":"<p>Resumo da novela \u201c\u00d3rf\u00e3os da Terra&#8221; em 02\/04: no cap\u00edtulo 001(*) da novela, ter\u00e7a-feira, 02 de abril, Elias chega com Rodrigo \u00e0 festa de Kh\u00e1led. Missade recebe um cart\u00e3o de sua prima Rania, que mora no Brasil. Em S\u00e3o Paulo, Cibele participa de uma manifesta\u00e7\u00e3o feminista. Rania prev\u00ea o futuro de Zuleika na borra do [&hellip;]<\/p>\n","protected":false},"author":2,"featured_media":173640,"comment_status":"open","ping_status":"closed","sticky":false,"template":"","format":"standard","meta":{"_genesis_hide_title":false,"_genesis_hide_breadcrumbs":false,"_genesis_hide_singular_image":false,"_genesis_hide_footer_widgets":false,"_genesis_custom_body_class":"","_genesis_custom_post_class":"","_genesis_layout":"","_jetpack_memberships_contains_paid_content":false,"footnotes":""},"categories":[379,375,343],"tags":[441],"class_list":{"0":"post-173639","1":"post","2":"type-post","3":"status-publish","4":"format-standard","5":"has-post-thumbnail","7":"category-novelas","8":"category-rede-globo","9":"category-televisao","10":"tag-resumo-do-dia","11":"entry","12":"gs-1","13":"gs-odd","14":"gs-even","15":"gs-featured-content-entry"},"jetpack_featured_media_url":"https:\/\/www.redenoticia.com.br\/noticia\/imagens\/orfaos-da-terra-novela-resumo.jpg","jetpack_sharing_enabled":true,"jetpack_likes_enabled":true,"_links":{"self":[{"href":"https:\/\/www.redenoticia.com.br\/noticia\/wp-json\/wp\/v2\/posts\/173639","targetHints":{"allow":["GET"]}}],"collection":[{"href":"https:\/\/www.redenoticia.com.br\/noticia\/wp-json\/wp\/v2\/posts"}],"about":[{"href":"https:\/\/www.redenoticia.com.br\/noticia\/wp-json\/wp\/v2\/types\/post"}],"author":[{"embeddable":true,"href":"https:\/\/www.redenoticia.com.br\/noticia\/wp-json\/wp\/v2\/users\/2"}],"replies":[{"embeddable":true,"href":"https:\/\/www.redenoticia.com.br\/noticia\/wp-json\/wp\/v2\/comments?post=173639"}],"version-history":[{"count":0,"href":"https:\/\/www.redenoticia.com.br\/noticia\/wp-json\/wp\/v2\/posts\/173639\/revisions"}],"wp:featuredmedia":[{"embeddable":true,"href":"https:\/\/www.redenoticia.com.br\/noticia\/wp-json\/wp\/v2\/media\/173640"}],"wp:attachment":[{"href":"https:\/\/www.redenoticia.com.br\/noticia\/wp-json\/wp\/v2\/media?parent=173639"}],"wp:term":[{"taxonomy":"category","embeddable":true,"href":"https:\/\/www.redenoticia.com.br\/noticia\/wp-json\/wp\/v2\/categories?post=173639"},{"taxonomy":"post_tag","embeddable":true,"href":"https:\/\/www.redenoticia.com.br\/noticia\/wp-json\/wp\/v2\/tags?post=173639"}],"curies":[{"name":"wp","href":"https:\/\/api.w.org\/{rel}","templated":true}]}}