{"id":1732,"date":"2009-05-18T12:16:28","date_gmt":"2009-05-18T16:16:28","guid":{"rendered":"http:\/\/www.redenoticia.com.br\/noticia\/?p=1732"},"modified":"2009-05-18T15:34:18","modified_gmt":"2009-05-18T19:34:18","slug":"rondonia-presente-na-semana-da-amazonia-em-cusco","status":"publish","type":"post","link":"https:\/\/www.redenoticia.com.br\/noticia\/2009\/rondonia-presente-na-semana-da-amazonia-em-cusco\/1732","title":{"rendered":"Rond\u00f4nia presente na Semana da Amaz\u00f4nia em Cusco"},"content":{"rendered":"<p class=\"MsoNormal\" style=\"line-height: 12pt;\"><span style=\"font-family: Arial; display: none;\"> <\/span><\/p>\n<p class=\"MsoNormal\" style=\"line-height: 12pt;\"><span style=\"font-family: Arial;\">Evento tem objetivo de promover Amaz\u00f4nia Brasileira no Peru com a integra\u00e7\u00e3o de rotas tur\u00edsticas<\/span><span style=\"font-family: Arial;\"> <\/span><\/p>\n<p class=\"MsoNormal\" style=\"line-height: 12pt;\"><span style=\"font-family: Arial;\">Com objetivo de promover internacionalmente o destino Amaz\u00f4nia e, sobretudo as Rotas Tur\u00edsticas do Estado do Acre ser\u00e1 realizada entre os dias 24 e 29 de maio, na cidade de Cusco a Semana da Amaz\u00f4nia. <\/span><\/p>\n<p class=\"MsoNormal\" style=\"line-height: 12pt;\"><span style=\"font-family: Arial;\">Na oportunidade ser\u00e1 apresentada ao mercado a Rota Tur\u00edstica Internacional Amaz\u00f4nia &#8211; Andes &#8211; Pac\u00edfico, composta pela integra\u00e7\u00e3o das Rotas Tur\u00edsticas dos Estados de Rond\u00f4nia, Amazonas e Acre (Caminhos da Revolu\u00e7\u00e3o, Caminhos de Chico Mendes e Caminhos do Pac\u00edfico), no Brasil, com as Rotas Tur\u00edsticas de Cusco, Puno, Arequipa e Lima e as rotas bolivianas. <\/span><\/p>\n<p class=\"MsoNormal\" style=\"line-height: 12pt;\"><span style=\"font-family: Arial;\">Esta rota parte da plan\u00edcie amaz\u00f4nica e passa pela montanhas de floresta, pela Cordilheira dos Andes, chegando \u00e0s fortalezas sagradas do Imp\u00e9rio Inca e as ru\u00ednas de Machu Picchu, eleita uma das sete maravilhas do mundo moderno. A partir dela, o turista de qualquer parte do mundo percorrer\u00e1 novos caminhos e se encantar\u00e1 com a diversidade natural e cultural deste percurso, vivendo uma experi\u00eancia \u00fanica. <\/span><\/p>\n<p class=\"MsoNormal\" style=\"line-height: 12pt;\"><span style=\"font-family: Arial;\">A Semana contribuir\u00e1 para a promo\u00e7\u00e3o de produtos do Acre e dos estados de Rond\u00f4nia, Mato Grosso e Amazonas, ofertados por empresas de v\u00e1rios segmentos participantes do Projeto Fronteira, liderado pelo Sebrae, e busca atrair a aten\u00e7\u00e3o de um mercado de grande interesse para as exporta\u00e7\u00f5es e para a atra\u00e7\u00e3o tur\u00edstica, especialmente para o Estado do Acre, que ocupa neste contexto um lugar estrat\u00e9gico para as interconex\u00f5es econ\u00f4micas, comerciais, sociais e culturais entre Brasil, Peru e Bol\u00edvia. <\/span><\/p>\n<p class=\"MsoNormal\" style=\"line-height: 12pt;\"><span style=\"font-family: Arial;\">Assessoria\/Setul <\/span><span style=\"font-family: Arial;\"> <\/span><\/p>\n","protected":false},"excerpt":{"rendered":"<p>Evento tem objetivo de promover Amaz\u00f4nia Brasileira no Peru com a integra\u00e7\u00e3o de rotas tur\u00edsticas Com objetivo de promover internacionalmente o destino Amaz\u00f4nia e, sobretudo as Rotas Tur\u00edsticas do Estado do Acre ser\u00e1 realizada entre os dias 24 e 29 de maio, na cidade de Cusco a Semana da Amaz\u00f4nia. Na oportunidade ser\u00e1 apresentada ao [&hellip;]<\/p>\n","protected":false},"author":3,"featured_media":0,"comment_status":"open","ping_status":"open","sticky":false,"template":"","format":"standard","meta":{"_genesis_hide_title":false,"_genesis_hide_breadcrumbs":false,"_genesis_hide_singular_image":false,"_genesis_hide_footer_widgets":false,"_genesis_custom_body_class":"","_genesis_custom_post_class":"","_genesis_layout":"","_jetpack_memberships_contains_paid_content":false,"footnotes":""},"categories":[22],"tags":[],"class_list":{"0":"post-1732","1":"post","2":"type-post","3":"status-publish","4":"format-standard","6":"category-brasil","7":"entry","8":"gs-1","9":"gs-odd","10":"gs-even","11":"gs-featured-content-entry"},"jetpack_featured_media_url":"","jetpack_sharing_enabled":true,"jetpack_likes_enabled":true,"_links":{"self":[{"href":"https:\/\/www.redenoticia.com.br\/noticia\/wp-json\/wp\/v2\/posts\/1732","targetHints":{"allow":["GET"]}}],"collection":[{"href":"https:\/\/www.redenoticia.com.br\/noticia\/wp-json\/wp\/v2\/posts"}],"about":[{"href":"https:\/\/www.redenoticia.com.br\/noticia\/wp-json\/wp\/v2\/types\/post"}],"author":[{"embeddable":true,"href":"https:\/\/www.redenoticia.com.br\/noticia\/wp-json\/wp\/v2\/users\/3"}],"replies":[{"embeddable":true,"href":"https:\/\/www.redenoticia.com.br\/noticia\/wp-json\/wp\/v2\/comments?post=1732"}],"version-history":[{"count":0,"href":"https:\/\/www.redenoticia.com.br\/noticia\/wp-json\/wp\/v2\/posts\/1732\/revisions"}],"wp:attachment":[{"href":"https:\/\/www.redenoticia.com.br\/noticia\/wp-json\/wp\/v2\/media?parent=1732"}],"wp:term":[{"taxonomy":"category","embeddable":true,"href":"https:\/\/www.redenoticia.com.br\/noticia\/wp-json\/wp\/v2\/categories?post=1732"},{"taxonomy":"post_tag","embeddable":true,"href":"https:\/\/www.redenoticia.com.br\/noticia\/wp-json\/wp\/v2\/tags?post=1732"}],"curies":[{"name":"wp","href":"https:\/\/api.w.org\/{rel}","templated":true}]}}