{"id":1731,"date":"2009-05-19T21:08:45","date_gmt":"2009-05-20T01:08:45","guid":{"rendered":"http:\/\/www.redenoticia.com.br\/noticia\/?p=1731"},"modified":"2009-05-19T21:11:28","modified_gmt":"2009-05-20T01:11:28","slug":"correio-braziliense-pmdb-de-rondonia-aliado-ao-pt-para-2010","status":"publish","type":"post","link":"https:\/\/www.redenoticia.com.br\/noticia\/2009\/correio-braziliense-pmdb-de-rondonia-aliado-ao-pt-para-2010\/1731","title":{"rendered":"Correio Braziliense &#8211; PMDB de Rond\u00f4nia aliado ao PT para 2010"},"content":{"rendered":"<p class=\"MsoNormal\" style=\"background: white none repeat scroll 0%;\"><span style=\"font-family: Arial;\"><a href=\"https:\/\/www.redenoticia.com.br\/noticia\/imagens\/\/raupp2.jpg\"><img loading=\"lazy\" decoding=\"async\" class=\"alignleft size-full wp-image-1782\" title=\"raupp2\" src=\"https:\/\/www.redenoticia.com.br\/noticia\/imagens\/\/raupp2.jpg\" alt=\"raupp2\" width=\"150\" height=\"113\" \/><\/a>PMDB se acerta com partido de Lula apenas em estados pequenos. Tend\u00eancia da maioria dos diret\u00f3rios \u00e9 seguir com candidatura petista, mas ainda n\u00e3o h\u00e1 acerto. Problema est\u00e1 nos estados com maior eleitorado.<\/span><\/p>\n<p class=\"MsoNormal\" style=\"background: white none repeat scroll 0%;\"><span style=\"font-family: Arial;\">A alian\u00e7a do PT com o PMDB t\u00e3o almejada pelo presidente Luiz In\u00e1cio Lula da Silva \u00e9 realidade apenas em estados perif\u00e9ricos. Nos locais de maior densidade eleitoral, definitivos para saber qual o rumo dos peemedebistas em 2010, h\u00e1 mais diverg\u00eancias do que acertos. <\/span><\/p>\n<p class=\"MsoNormal\" style=\"background: white none repeat scroll 0%;\"><span style=\"font-family: Arial;\">At\u00e9 agora, estados sem peso na Conven\u00e7\u00e3o Nacional do partido \u2014 como Acre, Rond\u00f4nia, Roraima e Rio Grande do Norte \u2014 est\u00e3o com o acordo mais adiantado. Outros pr\u00f3-Lula, como Cear\u00e1, enfrentam obst\u00e1culos impostos pela l\u00f3gica regional.<\/span><\/p>\n<p class=\"MsoNormal\" style=\"background: white none repeat scroll 0%;\"><span style=\"font-family: Arial;\">\u201cRoraima est\u00e1 fechado com o PT, independente de qualquer parceiro\u201d, afirma o senador Romero Juc\u00e1, presidente do diret\u00f3rio no estado. \u201cA nossa candidata \u00e9 a ministra Dilma\u201d, acrescenta. <\/span><\/p>\n<p class=\"MsoNormal\" style=\"background: white none repeat scroll 0%;\"><span style=\"font-family: Arial;\">No Acre, o apoio tamb\u00e9m est\u00e1 consolidado. Na \u00faltima elei\u00e7\u00e3o ao governo do estado, M\u00e1rcio Bittar (PPS), apoiado pelo PMDB, foi derrotado no primeiro turno por Binho Marques (PT), ent\u00e3o vice-governador do petista Jorge Viana.<\/span><\/p>\n<p>Mas agora, a tend\u00eancia \u00e9 de os partidos marcharem juntos no plano nacional. A posi\u00e7\u00e3o em outro estado do Norte \u00e9 semelhante. \u201cOnde o PMDB nacional estiver, o de Rond\u00f4nia tamb\u00e9m vai estar numa alian\u00e7a com o PT\u201d, afirma o senador Valdir Raupp, presidente do diret\u00f3rio estadual.<\/p>\n","protected":false},"excerpt":{"rendered":"<p>PMDB se acerta com partido de Lula apenas em estados pequenos. Tend\u00eancia da maioria dos diret\u00f3rios \u00e9 seguir com candidatura petista, mas ainda n\u00e3o h\u00e1 acerto. Problema est\u00e1 nos estados com maior eleitorado. A alian\u00e7a do PT com o PMDB t\u00e3o almejada pelo presidente Luiz In\u00e1cio Lula da Silva \u00e9 realidade apenas em estados perif\u00e9ricos. [&hellip;]<\/p>\n","protected":false},"author":3,"featured_media":0,"comment_status":"open","ping_status":"open","sticky":false,"template":"","format":"standard","meta":{"_genesis_hide_title":false,"_genesis_hide_breadcrumbs":false,"_genesis_hide_singular_image":false,"_genesis_hide_footer_widgets":false,"_genesis_custom_body_class":"","_genesis_custom_post_class":"","_genesis_layout":"","_jetpack_memberships_contains_paid_content":false,"footnotes":""},"categories":[22],"tags":[],"class_list":{"0":"post-1731","1":"post","2":"type-post","3":"status-publish","4":"format-standard","6":"category-brasil","7":"entry","8":"gs-1","9":"gs-odd","10":"gs-even","11":"gs-featured-content-entry"},"jetpack_featured_media_url":"","jetpack_sharing_enabled":true,"jetpack_likes_enabled":true,"_links":{"self":[{"href":"https:\/\/www.redenoticia.com.br\/noticia\/wp-json\/wp\/v2\/posts\/1731","targetHints":{"allow":["GET"]}}],"collection":[{"href":"https:\/\/www.redenoticia.com.br\/noticia\/wp-json\/wp\/v2\/posts"}],"about":[{"href":"https:\/\/www.redenoticia.com.br\/noticia\/wp-json\/wp\/v2\/types\/post"}],"author":[{"embeddable":true,"href":"https:\/\/www.redenoticia.com.br\/noticia\/wp-json\/wp\/v2\/users\/3"}],"replies":[{"embeddable":true,"href":"https:\/\/www.redenoticia.com.br\/noticia\/wp-json\/wp\/v2\/comments?post=1731"}],"version-history":[{"count":0,"href":"https:\/\/www.redenoticia.com.br\/noticia\/wp-json\/wp\/v2\/posts\/1731\/revisions"}],"wp:attachment":[{"href":"https:\/\/www.redenoticia.com.br\/noticia\/wp-json\/wp\/v2\/media?parent=1731"}],"wp:term":[{"taxonomy":"category","embeddable":true,"href":"https:\/\/www.redenoticia.com.br\/noticia\/wp-json\/wp\/v2\/categories?post=1731"},{"taxonomy":"post_tag","embeddable":true,"href":"https:\/\/www.redenoticia.com.br\/noticia\/wp-json\/wp\/v2\/tags?post=1731"}],"curies":[{"name":"wp","href":"https:\/\/api.w.org\/{rel}","templated":true}]}}