{"id":172432,"date":"2019-03-18T22:10:04","date_gmt":"2019-03-19T01:10:04","guid":{"rendered":"https:\/\/www.redenoticia.com.br\/noticia\/?p=172432"},"modified":"2019-03-18T22:10:06","modified_gmt":"2019-03-19T01:10:06","slug":"novela-a-terra-prometida-resumo-19-03-salmon-permite-que-rune-volte-a-treinar","status":"publish","type":"post","link":"https:\/\/www.redenoticia.com.br\/noticia\/2019\/novela-a-terra-prometida-resumo-19-03-salmon-permite-que-rune-volte-a-treinar\/172432","title":{"rendered":"Novela \u201cA Terra Prometida\u201d resumo 19\/03: Salmon permite que Rune volte a treinar"},"content":{"rendered":"<p><em><strong><img loading=\"lazy\" decoding=\"async\" class=\"aligncenter size-large wp-image-149873\" src=\"https:\/\/www.redenoticia.com.br\/noticia\/imagens\/a-terra-prometida-14-400x229.jpg\" alt=\"\" width=\"400\" height=\"229\" srcset=\"https:\/\/www.redenoticia.com.br\/noticia\/imagens\/a-terra-prometida-14-400x229.jpg 400w, https:\/\/www.redenoticia.com.br\/noticia\/imagens\/a-terra-prometida-14-250x143.jpg 250w, https:\/\/www.redenoticia.com.br\/noticia\/imagens\/a-terra-prometida-14-696x398.jpg 696w, https:\/\/www.redenoticia.com.br\/noticia\/imagens\/a-terra-prometida-14-150x86.jpg 150w, https:\/\/www.redenoticia.com.br\/noticia\/imagens\/a-terra-prometida-14.jpg 700w\" sizes=\"auto, (max-width: 400px) 100vw, 400px\" \/>Novela \u201cA Terra Prometida\u201d resumo 19\/03<\/strong><\/em>: no capitulo 168 (*) da novela, ter\u00e7a-feira, 19 de mar\u00e7o, Ula agradece pelo carinho e aten\u00e7\u00e3o de Mireu. Mara vai at\u00e9 a tenda de Ion\u00e1 e se desentende com El\u00f3i. Lina diz que tentar\u00e1 ajudar Mireu a conquistar Ula. Ela tamb\u00e9m diz que Bogotai pagou caro por roupas velhas. Ion\u00e1 concorda com a reclama\u00e7\u00e3o de El\u00f3i sobre Mara.<\/p>\n<p>Noemi agradece a Deus por estar com sua fam\u00edlia. Tobias e Zaqueu se desentendem e Salmon chama aten\u00e7\u00e3o dos guerreiros. Maquir se incomoda com a presen\u00e7a de Runa no treinamento. L\u00e9ia escuta Samara conversar com Tobias e descobre que o filho tamb\u00e9m se envolveu na morte de Abel. Salmon permite que Rune volte a treinar com sua cela especial para montaria. Samra e Tobias dizem que s\u00e3o o reflexo de L\u00e9ia. Elidade e Laila se enchem de felicidade com a fam\u00edlia. Aruna se comporta de maneira s\u00e9ria e formal. Josu\u00e9 estranha o comportamento dela. Enciumada, L\u00e9ia reclama da demora de Quemuel. Yana passa alguns ensinamentos para Aruna. Raabe cuida dos irm\u00e3os.<\/p>\n<p>Lila chega e avisa sobre a presen\u00e7a de um grupo de pessoas estranhas se aproximando do acampamento. Ula se abre com Lina e diz que n\u00e3o pensa em novo marido. Josu\u00e9 e os guerreiros encontram o grupo de Zareg. O rei mente e diz que s\u00e3o de um lugar distante, que vieram para se juntar aos hebreus. Maquir pede perd\u00e3o \u00e0 Livana. Josu\u00e9 recebe o grupo de Zareg no acampamento. Haniel tenta animar Maquir. Tirda avisa que Josu\u00e9 est\u00e1 chamando para uma reuni\u00e3o. Os hebreus permitem que os forasteiros fiquem na tribo Naftali. Orias encontra com Raabe e diz que alguma mulher est\u00e1 tentando fazer mal a ela.<\/p>\n<p>-Bogotai reconhece Fin\u00e9ias e o olha com maldade. Racal sorri para Mara. Zareg agradece a hospitalidade dos hebreus. Bogotai tenta se aproximar de Fin\u00e9ias. Raabe agradece o aviso de Orias. Bogotai se enturma com os familiares de Calebe. Orias se reencontra com Milah. Salmon questiona J\u00e9ssica, que diz n\u00e3o ter n\u00e3o saber de nada sobre o leproso. Racal se apresenta para Mara. Isaque e Pedael recebem Zareg. Haniel cobra organiza\u00e7\u00e3o dos filhos. Noemi diz que Acsa e Otiniel formariam um belo casal. J\u00e9ssica comenta com Mara sobre a desconfian\u00e7a de Salmon.<\/p>\n<p>Zaqueu acusa Tobias de ter sabotado suas armas. Ai\u00fade questiona o encontro de Mara com J\u00e9ssica. Ela desconversa. Samara e L\u00e9ia reclamam da presen\u00e7a dos forasteiros no acampamento. J\u00e9ssica agradece pela companhia de Iru. Enciumada, L\u00e9ia pergunta se Quemuel se encontrar\u00e1 com Yana. Ele nega. Josu\u00e9 diz que Aruna n\u00e3o deve se cobrar tanto e se declara para ela. L\u00e9ia diz que precisa falar com Tobias. Racal e Bogotai s\u00e3o bem tratados por Eleazar e Fin\u00e9ias. Enquanto passeiam pelo acampamento, L\u00e9ia diz ter visto Adara e Samara pensa que a m\u00e3e est\u00e1 louca.<\/p>\n<p>Felizes, Josu\u00e9 e Aruna dan\u00e7am. L\u00e9ia para a mulher e v\u00ea que n\u00e3o \u00e9 Adara. Lina e Mireu conversam sobre a princesa \u00darsula. Adonizedeque impede que Abul o acompanhe na visita \u00e0s prisioneiras. Mireu diz que vai esperar o tempo certo para conquistar Ula. Adonizedeque se consulta com a rainha e a rainha-m\u00e3e, as prisioneiras. La\u00eds pede perd\u00e3o \u00e0 fam\u00edlia de Calebe. Zareg agradece a recep\u00e7\u00e3o de Pedael. Elias trata J\u00e9ssica com educa\u00e7\u00e3o. Milah pede prote\u00e7\u00e3o a Deus. Bogotai diz n\u00e3o ver a hora de executar Fin\u00e9ias.13012017cap139.<\/p>\n<p>(*) edi\u00e7\u00e3o da Rede Record, Novela \u201cA Terra Prometida\u201d, sujeito a altera\u00e7\u00e3o de data e conte\u00fado.<\/p>\n<p>\u201cA Terra Prometida\u201d &#8211; Ap\u00f3s a morte de Mois\u00e9s, Josu\u00e9 \u00e9 o novo l\u00edder dos hebreus. Ele \u00e9 um guerreiro experiente, dotado de coragem, determina\u00e7\u00e3o e de uma f\u00e9 poderosa. Mas n\u00e3o \u00e9 tarefa f\u00e1cil conduzir um povo ao seu destino! Com seus aliados mais pr\u00f3ximos e de confian\u00e7a, o sacerdote levita Eleazar e o l\u00edder da tribo Jud\u00e1 Calebe, Josu\u00e9 tem que cumprir uma dif\u00edcil miss\u00e3o ordenada por Deus: comandar as doze tribos de Israel na conquista de Cana\u00e3, \u201cA Terra Prometida\u201d.<\/p>\n","protected":false},"excerpt":{"rendered":"<p>Novela \u201cA Terra Prometida\u201d resumo 19\/03: no capitulo 168 (*) da novela, ter\u00e7a-feira, 19 de mar\u00e7o, Ula agradece pelo carinho e aten\u00e7\u00e3o de Mireu. Mara vai at\u00e9 a tenda de Ion\u00e1 e se desentende com El\u00f3i. Lina diz que tentar\u00e1 ajudar Mireu a conquistar Ula. Ela tamb\u00e9m diz que Bogotai pagou caro por roupas velhas. [&hellip;]<\/p>\n","protected":false},"author":2,"featured_media":148139,"comment_status":"open","ping_status":"closed","sticky":false,"template":"","format":"standard","meta":{"_genesis_hide_title":false,"_genesis_hide_breadcrumbs":false,"_genesis_hide_singular_image":false,"_genesis_hide_footer_widgets":false,"_genesis_custom_body_class":"","_genesis_custom_post_class":"","_genesis_layout":"","_jetpack_memberships_contains_paid_content":false,"footnotes":""},"categories":[446,379,371,343],"tags":[441],"class_list":{"0":"post-172432","1":"post","2":"type-post","3":"status-publish","4":"format-standard","5":"has-post-thumbnail","7":"category-a-terra-prometida","8":"category-novelas","9":"category-rede-record","10":"category-televisao","11":"tag-resumo-do-dia","12":"entry","13":"gs-1","14":"gs-odd","15":"gs-even","16":"gs-featured-content-entry"},"jetpack_featured_media_url":"https:\/\/www.redenoticia.com.br\/noticia\/imagens\/a-terra-prometida-resumo-novela.jpg","jetpack_sharing_enabled":true,"jetpack_likes_enabled":true,"_links":{"self":[{"href":"https:\/\/www.redenoticia.com.br\/noticia\/wp-json\/wp\/v2\/posts\/172432","targetHints":{"allow":["GET"]}}],"collection":[{"href":"https:\/\/www.redenoticia.com.br\/noticia\/wp-json\/wp\/v2\/posts"}],"about":[{"href":"https:\/\/www.redenoticia.com.br\/noticia\/wp-json\/wp\/v2\/types\/post"}],"author":[{"embeddable":true,"href":"https:\/\/www.redenoticia.com.br\/noticia\/wp-json\/wp\/v2\/users\/2"}],"replies":[{"embeddable":true,"href":"https:\/\/www.redenoticia.com.br\/noticia\/wp-json\/wp\/v2\/comments?post=172432"}],"version-history":[{"count":0,"href":"https:\/\/www.redenoticia.com.br\/noticia\/wp-json\/wp\/v2\/posts\/172432\/revisions"}],"wp:featuredmedia":[{"embeddable":true,"href":"https:\/\/www.redenoticia.com.br\/noticia\/wp-json\/wp\/v2\/media\/148139"}],"wp:attachment":[{"href":"https:\/\/www.redenoticia.com.br\/noticia\/wp-json\/wp\/v2\/media?parent=172432"}],"wp:term":[{"taxonomy":"category","embeddable":true,"href":"https:\/\/www.redenoticia.com.br\/noticia\/wp-json\/wp\/v2\/categories?post=172432"},{"taxonomy":"post_tag","embeddable":true,"href":"https:\/\/www.redenoticia.com.br\/noticia\/wp-json\/wp\/v2\/tags?post=172432"}],"curies":[{"name":"wp","href":"https:\/\/api.w.org\/{rel}","templated":true}]}}