{"id":1722,"date":"2009-05-17T20:12:56","date_gmt":"2009-05-18T00:12:56","guid":{"rendered":"http:\/\/www.redenoticia.com.br\/noticia\/?p=1722"},"modified":"2009-05-17T20:13:13","modified_gmt":"2009-05-18T00:13:13","slug":"comunidade-leva-sua-historia-para-os-museus","status":"publish","type":"post","link":"https:\/\/www.redenoticia.com.br\/noticia\/2009\/comunidade-leva-sua-historia-para-os-museus\/1722","title":{"rendered":"Comunidade leva sua hist\u00f3ria para o museu"},"content":{"rendered":"<p><span style=\"font-family: Arial;\">Comunidades est\u00e3o levando sua hist\u00f3ria e as obras de seus artistas para os museus por meio do projeto Pontos de Mem\u00f3ria, do Instituto Brasileiro de Museus (Ibram). A ideia \u00e9 reconstruir a mem\u00f3ria social e coletiva a partir do cidad\u00e3o, destacando suas origens, hist\u00f3rias e valores. <\/span><\/p>\n<p class=\"MsoNormal\"><span style=\"font-family: Arial;\">Segundo o presidente do Ibram, Jos\u00e9 do Nascimento J\u00fanior, esses pontos procuram desmistificar a ideia do que seja um museu. \u201cQ<em>ueremos<\/em> transformar os museus numa ferramenta de mudan\u00e7a social e, a partir da\u00ed, mostrar que um museu \u00e9 um espa\u00e7o que tamb\u00e9m lhe pertence. Com isso, a popula\u00e7\u00e3o tem se aproximado dos museus ditos tradicionais\u201d, explicou. <\/span><\/p>\n<p class=\"MsoNormal\"><span style=\"font-family: Arial;\">Ele disse ainda que a popula\u00e7\u00e3o tem ido cada vez mais aos museus tradicionais. Em 2006, 15 milh\u00f5es de pessoas visitaram os museus brasileiros e em 2008 foram registrados 33 milh\u00f5es de visitantes. <\/span><\/p>\n<p class=\"MsoNormal\"><span style=\"font-family: Arial;\">Nascimento J\u00fanior destacou que o Ibram promover\u00e1 em todo o pa\u00eds uma s\u00e9rie de eventos nesta segunda-feira (18), quando ser\u00e1 comemorado o Dia Internacional dos Museus. A programa\u00e7\u00e3o inclui visitas monitoradas gratuitas, palestras, semin\u00e1rios, proje\u00e7\u00f5es de filmes, oficinas, espet\u00e1culos teatrais, shows e gincanas. <\/span><\/p>\n<p class=\"MsoNormal\"><span style=\"font-family: Arial;\">A Semana Nacional de Museus, que est\u00e1 na s\u00e9tima edi\u00e7\u00e3o, \u00e9 uma parceria do Ibram com o Minist\u00e9rio do Turismo e ser\u00e1 promovida de 17 a 23 de maio, com o tema Museus e Turismo. A programa\u00e7\u00e3o est\u00e1 no <em>site <\/em>www.cultura.gov.br<\/span><\/p>\n<p class=\"MsoNormal\"><span style=\"font-family: Arial;\"> Roberta Lopes<br \/>\n<em>Rep\u00f3rter da Ag\u00eancia Brasil<\/em><\/span><\/p>\n","protected":false},"excerpt":{"rendered":"<p>Comunidades est\u00e3o levando sua hist\u00f3ria e as obras de seus artistas para os museus por meio do projeto Pontos de Mem\u00f3ria, do Instituto Brasileiro de Museus (Ibram). A ideia \u00e9 reconstruir a mem\u00f3ria social e coletiva a partir do cidad\u00e3o, destacando suas origens, hist\u00f3rias e valores. Segundo o presidente do Ibram, Jos\u00e9 do Nascimento J\u00fanior, [&hellip;]<\/p>\n","protected":false},"author":3,"featured_media":0,"comment_status":"open","ping_status":"open","sticky":false,"template":"","format":"standard","meta":{"_genesis_hide_title":false,"_genesis_hide_breadcrumbs":false,"_genesis_hide_singular_image":false,"_genesis_hide_footer_widgets":false,"_genesis_custom_body_class":"","_genesis_custom_post_class":"","_genesis_layout":"","_jetpack_memberships_contains_paid_content":false,"footnotes":""},"categories":[22],"tags":[],"class_list":{"0":"post-1722","1":"post","2":"type-post","3":"status-publish","4":"format-standard","6":"category-brasil","7":"entry","8":"gs-1","9":"gs-odd","10":"gs-even","11":"gs-featured-content-entry"},"jetpack_featured_media_url":"","jetpack_sharing_enabled":true,"jetpack_likes_enabled":true,"_links":{"self":[{"href":"https:\/\/www.redenoticia.com.br\/noticia\/wp-json\/wp\/v2\/posts\/1722","targetHints":{"allow":["GET"]}}],"collection":[{"href":"https:\/\/www.redenoticia.com.br\/noticia\/wp-json\/wp\/v2\/posts"}],"about":[{"href":"https:\/\/www.redenoticia.com.br\/noticia\/wp-json\/wp\/v2\/types\/post"}],"author":[{"embeddable":true,"href":"https:\/\/www.redenoticia.com.br\/noticia\/wp-json\/wp\/v2\/users\/3"}],"replies":[{"embeddable":true,"href":"https:\/\/www.redenoticia.com.br\/noticia\/wp-json\/wp\/v2\/comments?post=1722"}],"version-history":[{"count":0,"href":"https:\/\/www.redenoticia.com.br\/noticia\/wp-json\/wp\/v2\/posts\/1722\/revisions"}],"wp:attachment":[{"href":"https:\/\/www.redenoticia.com.br\/noticia\/wp-json\/wp\/v2\/media?parent=1722"}],"wp:term":[{"taxonomy":"category","embeddable":true,"href":"https:\/\/www.redenoticia.com.br\/noticia\/wp-json\/wp\/v2\/categories?post=1722"},{"taxonomy":"post_tag","embeddable":true,"href":"https:\/\/www.redenoticia.com.br\/noticia\/wp-json\/wp\/v2\/tags?post=1722"}],"curies":[{"name":"wp","href":"https:\/\/api.w.org\/{rel}","templated":true}]}}